{"id":9831,"date":"2024-07-12T13:24:12","date_gmt":"2024-07-12T11:24:12","guid":{"rendered":"https:\/\/blog.mtm.org\/?p=9831"},"modified":"2025-07-14T15:43:24","modified_gmt":"2025-07-14T13:43:24","slug":"neu-prokon-anwenderdialog","status":"publish","type":"post","link":"https:\/\/blog.mtm.org\/?p=9831","title":{"rendered":"Neu: ProKon-Anwenderdialog"},"content":{"rendered":"\t\t<div data-elementor-type=\"wp-post\" data-elementor-id=\"9831\" class=\"elementor elementor-9831\">\n\t\t\t\t\t\t<section class=\"elementor-section elementor-top-section elementor-element elementor-element-ad198d1 elementor-section-boxed elementor-section-height-default elementor-section-height-default\" data-id=\"ad198d1\" data-element_type=\"section\" data-e-type=\"section\">\r\n\t\t\t\t\t\t<div class=\"elementor-container elementor-column-gap-thegem\"><div class=\"elementor-row\">\r\n\t\t\t\t\t<div class=\"elementor-column elementor-col-100 elementor-top-column elementor-element elementor-element-6988250\" data-id=\"6988250\" data-element_type=\"column\" data-e-type=\"column\">\n\t\t\t<div class=\"elementor-widget-wrap elementor-element-populated\">\n\t\t\t\t\t\t<div class=\"elementor-element elementor-element-60481e6 flex-horizontal-align-default flex-horizontal-align-tablet-default flex-horizontal-align-mobile-default flex-vertical-align-default flex-vertical-align-tablet-default flex-vertical-align-mobile-default elementor-widget elementor-widget-text-editor\" data-id=\"60481e6\" data-element_type=\"widget\" data-e-type=\"widget\" data-widget_type=\"text-editor.default\">\n\t\t\t\t<div class=\"elementor-widget-container\">\n\t\t\t\t\t\t\t\t\t\t\t\t<div class=\"elementor-text-editor elementor-clearfix\">\r\n\t\t\t\t\t\t<p>Kosten senken, bevor sie entstehen. Das ist die Idee hinter der Entwicklung des Verfahrens ProKon (Produktionsgerechte Konstruktion), dem Industriestandard f\u00fcr die Konstruktionsbewertung. Die MTM ASSOCIATION e. V., respektive die Deutsche MTM-Gesellschaft mbH bieten mit ProKon ein Tool zur systematischen Verbesserung von konstruktiven L\u00f6sungen bereits in Produktentwicklung an. Das Team unterst\u00fctzt Unternehmen bei der Einf\u00fchrung und Erstanwendung von ProKon ebenso wie bei der Aus- und Weiterbildung in dem Verfahren. Um den Erfahrungsaustausch zwischen ProKon-Nutzern zu f\u00f6rdern, zu neuen Entwicklungen rund um Prokon zu informieren und Anwenderfragen zu kl\u00e4ren, initiierte das Team um Andr\u00e9 Graichen, Bereichsleiter Beratung, einen <strong>ProKon-Anwenderdialog<\/strong>. Das kostenfreie Online-Angebot startet am 12. September 2024 und soll viertelj\u00e4hrlich fortgesetzt werden.<\/p>\n<h6><strong>Kostentreiber schon fr\u00fch im Produktentstehungsprozess ausfindig machen<\/strong><\/h6>\n<p>Der ProKon-Anwenderdialog ist die ideale Plattform f\u00fcr MTM-Anwender mit und ohne ProKon-Erfahrung, Arbeitsvorbereiter und Industrial Engineers sowie Produktmanager und Produktentwickler. Auch Interessenten, die das Verfahren noch nicht kennen, aber vor der Herausforderung stehen, Kostentreiber schon fr\u00fch im Produktentstehungsprozess ausfindig zu machen, sind beim ProKon-Anwenderdialog an der richtigen Stelle.<\/p>\n<p><strong>Hier ein kurzer \u00dcberblick, was das Verfahren kann:<\/strong><\/p>\n<ul>\n<li>Prokon bewertet manuelle und automatisierte Montageumf\u00e4nge eines Produkts.<\/li>\n<li>Prokon identifiziert und bewertet ergonomische Risiken in der manuellen Montage.<\/li>\n<li>ProKon erm\u00f6glicht es dank der transparenten Darstellung wesentliche Defizite fr\u00fchzeitig zu erkennen und das Zusammenwirken von Konstruktion, Planung und Fertigung nachhaltig zu f\u00f6rdern.<\/li>\n<li>ProKon kann au\u00dferdem zur Konstruktionsoptimierung sowie zur Durchf\u00fchrung von Benchmarks (z. B. mit Wettbewerbsprodukten) genutzt werden.<\/li>\n<\/ul>\n<h6><strong>Betriebliche Anwendungsf\u00e4lle stehen im Mittelpunkt<\/strong><\/h6>\n<p>Beim <strong>Opening-Termin des ProKon-Anwenderdialog<\/strong> geht es zun\u00e4chst einmal darum, Interessen, Themen, Informationsbedarfe bzw. Anforderungen im Unternehmen zusammenzutragen. Denn nicht die Theorie aus der ProKon-Aus- und Weiterbildung soll im Mittelpunkt stehen, sagt Andr\u00e9 Graichen, der Initiator des ProKon-Anwenderdialog: \u201cMir ist vor allem der Praxisbezug sehr wichtig.\u201d Da k\u00f6nnte es zum Beispiel um das Handhaben biegeschlaffer Bauteile gehen, um geeignete Greifstellen oder die Prozessmodellierung bei Handwerkzeugen. \u201cIch bin mir sicher, dass wir viele Anwendungsf\u00e4lle aus der betrieblichen Praxis diskutieren werden \u2013 darauf freue ich mich besonders\u201d, betont Graichen.<br><strong><br>Anmeldung zum ProKon-Anwenderdialog<br><\/strong>Zum Opening-Termin <b>am 12. September 2024 von 13 bis 14 Uhr<\/b> w\u00e4hlen sich Interessierte \u00fcber diesen Link in das MS Teams-Meeting ein:&nbsp;&nbsp;<\/p>\n<p><a href=\"https:\/\/teams.microsoft.com\/l\/meetup-join\/19%3ameeting_YmE1ZjZlYjAtNzBmZi00OTQ0LThlNWMtMDU5YWNjMzdhMDdm%40thread.v2\/0?context=%7b%22Tid%22%3a%22ebf83c93-7bb3-4640-81a0-1d2a48733b36%22%2c%22Oid%22%3a%22f52b53fb-85cd-47be-8eff-2fa029d94883%22%7d\"><strong>Jetzt an der Besprechung teilnehmen<\/strong><\/a><\/p>\n<p>F\u00fcr alle weiteren Termine erfolgt die Anmeldung dann \u00fcber unsere Webseite <a href=\"https:\/\/mtm.org\/events\">mtm.org<\/a>.<\/p>\n<p><strong>Sie haben Fragen zum ProKon-Anwenderdialog? Dann schicken Sie gern eine E-Mail an Andr\u00e9 Graichen, <a href=\"mailto:andre.graichen@mtm.org\">andre.graichen@mtm.org<\/a>.<\/strong> &nbsp;&nbsp;&nbsp;&nbsp;<\/p>\t\t\t\t\t\t\t<\/div>\r\n\t\t\t\t\t\t\t\t\t\t<\/div>\n\t\t\t\t<\/div>\n\t\t\t\t\t<\/div>\n\t\t<\/div>\n\t\t\t\t\t<\/div><\/div>\r\n\t\t<\/section>\r\n\t\t\t\t<\/div>\n\t\t","protected":false},"excerpt":{"rendered":"<p>Um den Erfahrungsaustausch zwischen ProKon-Nutzern zu f\u00f6rdern, zu neuen Entwicklungen rund um Prokon zu informieren und Anwenderfragen zu kl\u00e4ren, initiierte das Team um Andr\u00e9 Graichen, Bereichsleiter Beratung, einen ProKon-Anwenderdialog. Das kostenfreie Online-Angebot startet am 12. September 2024 und soll viertelj\u00e4hrlich fortgesetzt werden.<\/p>\n","protected":false},"author":5,"featured_media":8407,"comment_status":"closed","ping_status":"open","sticky":false,"template":"single-fullwidth.php","format":"standard","meta":{"footnotes":""},"categories":[64],"tags":[836,240,208,717,940,920,716,334],"class_list":{"0":"post-9831","1":"post","2":"type-post","3":"status-publish","4":"format-standard","5":"has-post-thumbnail","7":"category-anwendung","8":"tag-deutsche-mtm-gesellschaft-mbh","9":"tag-ergonomie","10":"tag-industrial-engineering","11":"tag-konstruktion","12":"tag-kosten-senken-2","13":"tag-mtmtimetowin","14":"tag-produktentwicklung","15":"tag-prokon"},"yoast_head":"<!-- This site is optimized with the Yoast SEO plugin v27.4 - https:\/\/yoast.com\/product\/yoast-seo-wordpress\/ -->\n<title>Neu: ProKon-Anwenderdialog - MTM ASSOCIATION e. V.<\/title>\n<meta name=\"description\" content=\"Neu: ProKon-Anwenderdialog startet am 12. September 2024 und dann viertelj\u00e4hrlich. Im Fokus: der Erfahrungsaustausch zwischen ProKon-Nutzern.\" \/>\n<meta name=\"robots\" content=\"index, follow, max-snippet:-1, max-image-preview:large, max-video-preview:-1\" \/>\n<link rel=\"canonical\" href=\"https:\/\/blog.mtm.org\/?p=9831\" \/>\n<meta property=\"og:locale\" content=\"de_DE\" \/>\n<meta property=\"og:type\" content=\"article\" \/>\n<meta property=\"og:title\" content=\"Neu: ProKon-Anwenderdialog - MTM ASSOCIATION e. V.\" \/>\n<meta property=\"og:description\" content=\"Neu: ProKon-Anwenderdialog startet am 12. September 2024 und dann viertelj\u00e4hrlich. Im Fokus: der Erfahrungsaustausch zwischen ProKon-Nutzern.\" \/>\n<meta property=\"og:url\" content=\"https:\/\/blog.mtm.org\/?p=9831\" \/>\n<meta property=\"og:site_name\" content=\"MTM ASSOCIATION e. V.\" \/>\n<meta property=\"article:publisher\" content=\"https:\/\/www.facebook.com\/mtm.org\" \/>\n<meta property=\"article:published_time\" content=\"2024-07-12T11:24:12+00:00\" \/>\n<meta property=\"article:modified_time\" content=\"2025-07-14T13:43:24+00:00\" \/>\n<meta property=\"og:image\" content=\"https:\/\/blog.mtm.org\/wp-content\/uploads\/2023\/12\/shutterstock_1335833930_eHpU-scaled.jpg\" \/>\n\t<meta property=\"og:image:width\" content=\"2560\" \/>\n\t<meta property=\"og:image:height\" content=\"1440\" \/>\n\t<meta property=\"og:image:type\" content=\"image\/jpeg\" \/>\n<meta name=\"author\" content=\"Ina Klose-Hegewald\" \/>\n<meta name=\"twitter:card\" content=\"summary_large_image\" \/>\n<meta name=\"twitter:label1\" content=\"Verfasst von\" \/>\n\t<meta name=\"twitter:data1\" content=\"Ina Klose-Hegewald\" \/>\n\t<meta name=\"twitter:label2\" content=\"Gesch\u00e4tzte Lesezeit\" \/>\n\t<meta name=\"twitter:data2\" content=\"2\u00a0Minuten\" \/>\n<script type=\"application\/ld+json\" class=\"yoast-schema-graph\">{\"@context\":\"https:\\\/\\\/schema.org\",\"@graph\":[{\"@type\":\"Article\",\"@id\":\"https:\\\/\\\/blog.mtm.org\\\/?p=9831#article\",\"isPartOf\":{\"@id\":\"https:\\\/\\\/blog.mtm.org\\\/?p=9831\"},\"author\":{\"name\":\"Ina Klose-Hegewald\",\"@id\":\"https:\\\/\\\/blog.mtm.org\\\/#\\\/schema\\\/person\\\/3270a96dc52fab3f4fe516995965c5d2\"},\"headline\":\"Neu: ProKon-Anwenderdialog\",\"datePublished\":\"2024-07-12T11:24:12+00:00\",\"dateModified\":\"2025-07-14T13:43:24+00:00\",\"mainEntityOfPage\":{\"@id\":\"https:\\\/\\\/blog.mtm.org\\\/?p=9831\"},\"wordCount\":405,\"publisher\":{\"@id\":\"https:\\\/\\\/blog.mtm.org\\\/#organization\"},\"image\":{\"@id\":\"https:\\\/\\\/blog.mtm.org\\\/?p=9831#primaryimage\"},\"thumbnailUrl\":\"https:\\\/\\\/blog.mtm.org\\\/wp-content\\\/uploads\\\/2023\\\/12\\\/shutterstock_1335833930_eHpU-scaled.jpg\",\"keywords\":[\"Deutsche MTM-Gesellschaft mbH\",\"ergonomie\",\"industrial engineering\",\"konstruktion\",\"Kosten senken\",\"mtmtimetowin\",\"Produktentwicklung\",\"prokon\"],\"articleSection\":[\"Anwendung\"],\"inLanguage\":\"de\"},{\"@type\":\"WebPage\",\"@id\":\"https:\\\/\\\/blog.mtm.org\\\/?p=9831\",\"url\":\"https:\\\/\\\/blog.mtm.org\\\/?p=9831\",\"name\":\"Neu: ProKon-Anwenderdialog - MTM ASSOCIATION e. V.\",\"isPartOf\":{\"@id\":\"https:\\\/\\\/blog.mtm.org\\\/#website\"},\"primaryImageOfPage\":{\"@id\":\"https:\\\/\\\/blog.mtm.org\\\/?p=9831#primaryimage\"},\"image\":{\"@id\":\"https:\\\/\\\/blog.mtm.org\\\/?p=9831#primaryimage\"},\"thumbnailUrl\":\"https:\\\/\\\/blog.mtm.org\\\/wp-content\\\/uploads\\\/2023\\\/12\\\/shutterstock_1335833930_eHpU-scaled.jpg\",\"datePublished\":\"2024-07-12T11:24:12+00:00\",\"dateModified\":\"2025-07-14T13:43:24+00:00\",\"description\":\"Neu: ProKon-Anwenderdialog startet am 12. September 2024 und dann viertelj\u00e4hrlich. Im Fokus: der Erfahrungsaustausch zwischen ProKon-Nutzern.\",\"breadcrumb\":{\"@id\":\"https:\\\/\\\/blog.mtm.org\\\/?p=9831#breadcrumb\"},\"inLanguage\":\"de\",\"potentialAction\":[{\"@type\":\"ReadAction\",\"target\":[\"https:\\\/\\\/blog.mtm.org\\\/?p=9831\"]}]},{\"@type\":\"ImageObject\",\"inLanguage\":\"de\",\"@id\":\"https:\\\/\\\/blog.mtm.org\\\/?p=9831#primaryimage\",\"url\":\"https:\\\/\\\/blog.mtm.org\\\/wp-content\\\/uploads\\\/2023\\\/12\\\/shutterstock_1335833930_eHpU-scaled.jpg\",\"contentUrl\":\"https:\\\/\\\/blog.mtm.org\\\/wp-content\\\/uploads\\\/2023\\\/12\\\/shutterstock_1335833930_eHpU-scaled.jpg\",\"width\":2560,\"height\":1440,\"caption\":\"Produktionsgerechte Konstruktion\"},{\"@type\":\"BreadcrumbList\",\"@id\":\"https:\\\/\\\/blog.mtm.org\\\/?p=9831#breadcrumb\",\"itemListElement\":[{\"@type\":\"ListItem\",\"position\":1,\"name\":\"Startseite\",\"item\":\"https:\\\/\\\/blog.mtm.org\\\/\"},{\"@type\":\"ListItem\",\"position\":2,\"name\":\"Neu: ProKon-Anwenderdialog\"}]},{\"@type\":\"WebSite\",\"@id\":\"https:\\\/\\\/blog.mtm.org\\\/#website\",\"url\":\"https:\\\/\\\/blog.mtm.org\\\/\",\"name\":\"MTM ASSOCIATION e. V.\",\"description\":\"Blog\",\"publisher\":{\"@id\":\"https:\\\/\\\/blog.mtm.org\\\/#organization\"},\"potentialAction\":[{\"@type\":\"SearchAction\",\"target\":{\"@type\":\"EntryPoint\",\"urlTemplate\":\"https:\\\/\\\/blog.mtm.org\\\/?s={search_term_string}\"},\"query-input\":{\"@type\":\"PropertyValueSpecification\",\"valueRequired\":true,\"valueName\":\"search_term_string\"}}],\"inLanguage\":\"de\"},{\"@type\":\"Organization\",\"@id\":\"https:\\\/\\\/blog.mtm.org\\\/#organization\",\"name\":\"MTM ASSOCIATION e. V.\",\"url\":\"https:\\\/\\\/blog.mtm.org\\\/\",\"logo\":{\"@type\":\"ImageObject\",\"inLanguage\":\"de\",\"@id\":\"https:\\\/\\\/blog.mtm.org\\\/#\\\/schema\\\/logo\\\/image\\\/\",\"url\":\"https:\\\/\\\/blog.mtm.org\\\/wp-content\\\/uploads\\\/2022\\\/04\\\/logo_mtm.jpg\",\"contentUrl\":\"https:\\\/\\\/blog.mtm.org\\\/wp-content\\\/uploads\\\/2022\\\/04\\\/logo_mtm.jpg\",\"width\":400,\"height\":400,\"caption\":\"MTM ASSOCIATION e. V.\"},\"image\":{\"@id\":\"https:\\\/\\\/blog.mtm.org\\\/#\\\/schema\\\/logo\\\/image\\\/\"},\"sameAs\":[\"https:\\\/\\\/www.facebook.com\\\/mtm.org\",\"https:\\\/\\\/www.instagram.com\\\/mtmassociation\\\/\",\"https:\\\/\\\/www.linkedin.com\\\/company\\\/mtmassociation\\\/\",\"https:\\\/\\\/www.youtube.com\\\/user\\\/MTMtvPortal\",\"https:\\\/\\\/de.wikipedia.org\\\/wiki\\\/MTM_Association\"]},{\"@type\":\"Person\",\"@id\":\"https:\\\/\\\/blog.mtm.org\\\/#\\\/schema\\\/person\\\/3270a96dc52fab3f4fe516995965c5d2\",\"name\":\"Ina Klose-Hegewald\",\"image\":{\"@type\":\"ImageObject\",\"inLanguage\":\"de\",\"@id\":\"https:\\\/\\\/secure.gravatar.com\\\/avatar\\\/dfd02f481ac5a7017dde24d3cb4ee1f6d347b66b143b9074a8d1d97c52a5cd0c?s=96&d=mm&r=g\",\"url\":\"https:\\\/\\\/secure.gravatar.com\\\/avatar\\\/dfd02f481ac5a7017dde24d3cb4ee1f6d347b66b143b9074a8d1d97c52a5cd0c?s=96&d=mm&r=g\",\"contentUrl\":\"https:\\\/\\\/secure.gravatar.com\\\/avatar\\\/dfd02f481ac5a7017dde24d3cb4ee1f6d347b66b143b9074a8d1d97c52a5cd0c?s=96&d=mm&r=g\",\"caption\":\"Ina Klose-Hegewald\"},\"sameAs\":[\"http:\\\/\\\/blog.mtm.org\"]}]}<\/script>\n<!-- \/ Yoast SEO plugin. -->","yoast_head_json":{"title":"Neu: ProKon-Anwenderdialog - MTM ASSOCIATION e. V.","description":"Neu: ProKon-Anwenderdialog startet am 12. September 2024 und dann viertelj\u00e4hrlich. Im Fokus: der Erfahrungsaustausch zwischen ProKon-Nutzern.","robots":{"index":"index","follow":"follow","max-snippet":"max-snippet:-1","max-image-preview":"max-image-preview:large","max-video-preview":"max-video-preview:-1"},"canonical":"https:\/\/blog.mtm.org\/?p=9831","og_locale":"de_DE","og_type":"article","og_title":"Neu: ProKon-Anwenderdialog - MTM ASSOCIATION e. V.","og_description":"Neu: ProKon-Anwenderdialog startet am 12. September 2024 und dann viertelj\u00e4hrlich. Im Fokus: der Erfahrungsaustausch zwischen ProKon-Nutzern.","og_url":"https:\/\/blog.mtm.org\/?p=9831","og_site_name":"MTM ASSOCIATION e. V.","article_publisher":"https:\/\/www.facebook.com\/mtm.org","article_published_time":"2024-07-12T11:24:12+00:00","article_modified_time":"2025-07-14T13:43:24+00:00","og_image":[{"width":2560,"height":1440,"url":"https:\/\/blog.mtm.org\/wp-content\/uploads\/2023\/12\/shutterstock_1335833930_eHpU-scaled.jpg","type":"image\/jpeg"}],"author":"Ina Klose-Hegewald","twitter_card":"summary_large_image","twitter_misc":{"Verfasst von":"Ina Klose-Hegewald","Gesch\u00e4tzte Lesezeit":"2\u00a0Minuten"},"schema":{"@context":"https:\/\/schema.org","@graph":[{"@type":"Article","@id":"https:\/\/blog.mtm.org\/?p=9831#article","isPartOf":{"@id":"https:\/\/blog.mtm.org\/?p=9831"},"author":{"name":"Ina Klose-Hegewald","@id":"https:\/\/blog.mtm.org\/#\/schema\/person\/3270a96dc52fab3f4fe516995965c5d2"},"headline":"Neu: ProKon-Anwenderdialog","datePublished":"2024-07-12T11:24:12+00:00","dateModified":"2025-07-14T13:43:24+00:00","mainEntityOfPage":{"@id":"https:\/\/blog.mtm.org\/?p=9831"},"wordCount":405,"publisher":{"@id":"https:\/\/blog.mtm.org\/#organization"},"image":{"@id":"https:\/\/blog.mtm.org\/?p=9831#primaryimage"},"thumbnailUrl":"https:\/\/blog.mtm.org\/wp-content\/uploads\/2023\/12\/shutterstock_1335833930_eHpU-scaled.jpg","keywords":["Deutsche MTM-Gesellschaft mbH","ergonomie","industrial engineering","konstruktion","Kosten senken","mtmtimetowin","Produktentwicklung","prokon"],"articleSection":["Anwendung"],"inLanguage":"de"},{"@type":"WebPage","@id":"https:\/\/blog.mtm.org\/?p=9831","url":"https:\/\/blog.mtm.org\/?p=9831","name":"Neu: ProKon-Anwenderdialog - MTM ASSOCIATION e. V.","isPartOf":{"@id":"https:\/\/blog.mtm.org\/#website"},"primaryImageOfPage":{"@id":"https:\/\/blog.mtm.org\/?p=9831#primaryimage"},"image":{"@id":"https:\/\/blog.mtm.org\/?p=9831#primaryimage"},"thumbnailUrl":"https:\/\/blog.mtm.org\/wp-content\/uploads\/2023\/12\/shutterstock_1335833930_eHpU-scaled.jpg","datePublished":"2024-07-12T11:24:12+00:00","dateModified":"2025-07-14T13:43:24+00:00","description":"Neu: ProKon-Anwenderdialog startet am 12. September 2024 und dann viertelj\u00e4hrlich. Im Fokus: der Erfahrungsaustausch zwischen ProKon-Nutzern.","breadcrumb":{"@id":"https:\/\/blog.mtm.org\/?p=9831#breadcrumb"},"inLanguage":"de","potentialAction":[{"@type":"ReadAction","target":["https:\/\/blog.mtm.org\/?p=9831"]}]},{"@type":"ImageObject","inLanguage":"de","@id":"https:\/\/blog.mtm.org\/?p=9831#primaryimage","url":"https:\/\/blog.mtm.org\/wp-content\/uploads\/2023\/12\/shutterstock_1335833930_eHpU-scaled.jpg","contentUrl":"https:\/\/blog.mtm.org\/wp-content\/uploads\/2023\/12\/shutterstock_1335833930_eHpU-scaled.jpg","width":2560,"height":1440,"caption":"Produktionsgerechte Konstruktion"},{"@type":"BreadcrumbList","@id":"https:\/\/blog.mtm.org\/?p=9831#breadcrumb","itemListElement":[{"@type":"ListItem","position":1,"name":"Startseite","item":"https:\/\/blog.mtm.org\/"},{"@type":"ListItem","position":2,"name":"Neu: ProKon-Anwenderdialog"}]},{"@type":"WebSite","@id":"https:\/\/blog.mtm.org\/#website","url":"https:\/\/blog.mtm.org\/","name":"MTM ASSOCIATION e. V.","description":"Blog","publisher":{"@id":"https:\/\/blog.mtm.org\/#organization"},"potentialAction":[{"@type":"SearchAction","target":{"@type":"EntryPoint","urlTemplate":"https:\/\/blog.mtm.org\/?s={search_term_string}"},"query-input":{"@type":"PropertyValueSpecification","valueRequired":true,"valueName":"search_term_string"}}],"inLanguage":"de"},{"@type":"Organization","@id":"https:\/\/blog.mtm.org\/#organization","name":"MTM ASSOCIATION e. V.","url":"https:\/\/blog.mtm.org\/","logo":{"@type":"ImageObject","inLanguage":"de","@id":"https:\/\/blog.mtm.org\/#\/schema\/logo\/image\/","url":"https:\/\/blog.mtm.org\/wp-content\/uploads\/2022\/04\/logo_mtm.jpg","contentUrl":"https:\/\/blog.mtm.org\/wp-content\/uploads\/2022\/04\/logo_mtm.jpg","width":400,"height":400,"caption":"MTM ASSOCIATION e. V."},"image":{"@id":"https:\/\/blog.mtm.org\/#\/schema\/logo\/image\/"},"sameAs":["https:\/\/www.facebook.com\/mtm.org","https:\/\/www.instagram.com\/mtmassociation\/","https:\/\/www.linkedin.com\/company\/mtmassociation\/","https:\/\/www.youtube.com\/user\/MTMtvPortal","https:\/\/de.wikipedia.org\/wiki\/MTM_Association"]},{"@type":"Person","@id":"https:\/\/blog.mtm.org\/#\/schema\/person\/3270a96dc52fab3f4fe516995965c5d2","name":"Ina Klose-Hegewald","image":{"@type":"ImageObject","inLanguage":"de","@id":"https:\/\/secure.gravatar.com\/avatar\/dfd02f481ac5a7017dde24d3cb4ee1f6d347b66b143b9074a8d1d97c52a5cd0c?s=96&d=mm&r=g","url":"https:\/\/secure.gravatar.com\/avatar\/dfd02f481ac5a7017dde24d3cb4ee1f6d347b66b143b9074a8d1d97c52a5cd0c?s=96&d=mm&r=g","contentUrl":"https:\/\/secure.gravatar.com\/avatar\/dfd02f481ac5a7017dde24d3cb4ee1f6d347b66b143b9074a8d1d97c52a5cd0c?s=96&d=mm&r=g","caption":"Ina Klose-Hegewald"},"sameAs":["http:\/\/blog.mtm.org"]}]}},"menu_order":0,"_links":{"self":[{"href":"https:\/\/blog.mtm.org\/index.php?rest_route=\/wp\/v2\/posts\/9831","targetHints":{"allow":["GET"]}}],"collection":[{"href":"https:\/\/blog.mtm.org\/index.php?rest_route=\/wp\/v2\/posts"}],"about":[{"href":"https:\/\/blog.mtm.org\/index.php?rest_route=\/wp\/v2\/types\/post"}],"author":[{"embeddable":true,"href":"https:\/\/blog.mtm.org\/index.php?rest_route=\/wp\/v2\/users\/5"}],"replies":[{"embeddable":true,"href":"https:\/\/blog.mtm.org\/index.php?rest_route=%2Fwp%2Fv2%2Fcomments&post=9831"}],"version-history":[{"count":20,"href":"https:\/\/blog.mtm.org\/index.php?rest_route=\/wp\/v2\/posts\/9831\/revisions"}],"predecessor-version":[{"id":9892,"href":"https:\/\/blog.mtm.org\/index.php?rest_route=\/wp\/v2\/posts\/9831\/revisions\/9892"}],"wp:featuredmedia":[{"embeddable":true,"href":"https:\/\/blog.mtm.org\/index.php?rest_route=\/wp\/v2\/media\/8407"}],"wp:attachment":[{"href":"https:\/\/blog.mtm.org\/index.php?rest_route=%2Fwp%2Fv2%2Fmedia&parent=9831"}],"wp:term":[{"taxonomy":"category","embeddable":true,"href":"https:\/\/blog.mtm.org\/index.php?rest_route=%2Fwp%2Fv2%2Fcategories&post=9831"},{"taxonomy":"post_tag","embeddable":true,"href":"https:\/\/blog.mtm.org\/index.php?rest_route=%2Fwp%2Fv2%2Ftags&post=9831"}],"curies":[{"name":"wp","href":"https:\/\/api.w.org\/{rel}","templated":true}]}}