{"id":5884,"date":"2023-02-15T16:22:49","date_gmt":"2023-02-15T15:22:49","guid":{"rendered":"https:\/\/blog.mtm.org\/?p=5884"},"modified":"2025-07-17T14:54:02","modified_gmt":"2025-07-17T12:54:02","slug":"lateinamerika-diskutiert-zukunft-der-arbeit","status":"publish","type":"post","link":"https:\/\/blog.mtm.org\/?p=5884","title":{"rendered":"Lateinamerika diskutiert Zukunft der Arbeit"},"content":{"rendered":"\t\t<div data-elementor-type=\"wp-post\" data-elementor-id=\"5884\" class=\"elementor elementor-5884\">\n\t\t\t\t\t\t<section class=\"elementor-section elementor-top-section elementor-element elementor-element-be54a2a elementor-section-boxed elementor-section-height-default elementor-section-height-default\" data-id=\"be54a2a\" data-element_type=\"section\" data-e-type=\"section\">\r\n\t\t\t\t\t\t<div class=\"elementor-container elementor-column-gap-thegem\"><div class=\"elementor-row\">\r\n\t\t\t\t\t<div class=\"elementor-column elementor-col-100 elementor-top-column elementor-element elementor-element-7cca87b\" data-id=\"7cca87b\" data-element_type=\"column\" data-e-type=\"column\">\n\t\t\t<div class=\"elementor-widget-wrap elementor-element-populated\">\n\t\t\t\t\t\t<div class=\"elementor-element elementor-element-f811b07 flex-horizontal-align-default flex-horizontal-align-tablet-default flex-horizontal-align-mobile-default flex-vertical-align-default flex-vertical-align-tablet-default flex-vertical-align-mobile-default elementor-widget elementor-widget-text-editor\" data-id=\"f811b07\" data-element_type=\"widget\" data-e-type=\"widget\" data-widget_type=\"text-editor.default\">\n\t\t\t\t<div class=\"elementor-widget-container\">\n\t\t\t\t\t\t\t\t\t\t\t\t<div class=\"elementor-text-editor elementor-clearfix\">\r\n\t\t\t\t\t\t<p>\u201eThe Future of Work\u201c steht im Mittelpunkt der am 27. Februar 2023 in Aguascalientes, Mexiko, beginnenden 3. internationalen E-MAS-Konferenz. E-MAS ist ein Weiterbildungsprogramm f\u00fcr die produzierende Industrie im spanischsprachigen Lateinamerika, das von Bildungstr\u00e4gern, Wissenschaftlern, Unternehmen und staatlichen Institutionen aus der Taufe gehoben wurde. Beim Nachfolgeprojekt Y-MAS ist neben dem Institut FIR e. V. an der RWTH Aachen, der WBA Aachener Werkzeugbau Akademie GmbH und dem Ingenieurdienstleister PEM Motion auch die MTM ASSOCIATION e. V. wieder aktiv. Die im Rahmen des Programms angebotenen Kurse im Blended-Learning-Format (E-Learning-Plattform + Inverted Classroom + Webinar) vermitteln Kenntnisse und F\u00e4higkeiten zur kontinuierlichen Verbesserung des Produktionsprozesses, zur wandlungsf\u00e4higen Gestaltung technischer Systeme und zur Gesunderhaltung der Belegschaft. Part der MTM ASSOCIATION e. V. ist die Qualifizierung in den Bereichen ergonomiegerechte Arbeitsgestaltung und Produktivit\u00e4tsmanagement.<\/p><p><strong>Digitalisierung und Internationalisierung von Ausbildungsprodukten in der Arbeitswirtschaft<\/strong> <br \/>Die MTM ASSOCIATION e. V. als Mitveranstalter der 3. E-MAS Konferenz ist auch im mehrt\u00e4gigen Vortragsprogramm vertreten. Prof. Dr. Peter Kuhlang, CEO MTM ASSOCIATION e. V., und Dr. Martin Benter, Teamleiter Digitalisierung &amp; Automatisierung von MTM-Methoden, MTM-Institut, sprechen zum einen \u00fcber die Zukunft der digitalen Arbeitsgestaltung. In einem weiteren Vortrag stellen sie die Effekte von Digitalisierung und Internationalisierung von Ausbildungsprodukten auf die Arbeitswirtschaft dar. Dar\u00fcber hinaus bieten die beiden Experten den vorrangig aus Lateinamerika kommenden Teilnehmern einen Workshop zu produktiver und gesunder Gestaltung von Arbeitspl\u00e4tzen mit dem Methodenstandard MTM an.<\/p><p><strong>MTM-UAS-Analyse auf Knopfdruck \u2013 so geht\u2019s<\/strong> <br \/>Die E-MAS-Konferenz findet zeitgleich mit der CPSL-Konferenz \u201eProduction Systems and Logistics\u201c statt. Beide Konferenzen sind eingebettet in den internationalen Congress Innovation for Realization (I4R). Im Rahmen der CPSL-Konferenz wird Dr. Martin Benter zum weltweit am weitesten verbreiteten MTM-Prozessbausteinsystem MTM-UAS<sup>\u00ae<\/sup> sprechen und einen Blick in die nahe Zukunft der digitalen Arbeitsgestaltung werfen. Denn mit der Schnittstellenl\u00f6sung MTMmotion<sup>\u00ae<\/sup> ist es schon jetzt m\u00f6glich, aus digitalen Bewegungsdaten \u2013 z. B. generiert \u00fcber Virtual Reality \u2013 eine regelkonforme MTM-UAS<sup>\u00ae<\/sup>-Analyse abzuleiten.<\/p><p><strong>N\u00e4chste Gelegenheit dies in Deutschland live zu erleben, bietet der LATC, das gro\u00dfe Treffen der deutschsprachigen Lean-Community am 16. und 17.03.2023 in Mannheim. Besuchen Sie uns auf unserer Themenfl\u00e4che links neben der Hauptb\u00fchne. Anmeldung <a href=\"https:\/\/leanbase.de\/latc\/anmeldung\">hier<\/a>.<\/strong><\/p><p>Mehr zum Thema VR und MTMmotion<sup>\u00ae <\/sup>lesen Sie <a href=\"https:\/\/blog.mtm.org\/?p=5744\">hier<\/a>.<\/p>\t\t\t\t\t\t\t<\/div>\r\n\t\t\t\t\t\t\t\t\t\t<\/div>\n\t\t\t\t<\/div>\n\t\t\t\t\t<\/div>\n\t\t<\/div>\n\t\t\t\t\t<\/div><\/div>\r\n\t\t<\/section>\r\n\t\t\t\t<\/div>\n\t\t","protected":false},"excerpt":{"rendered":"<p>\u201eThe Future of Work\u201c steht im Mittelpunkt der am 27. Februar 2023 in Aguascalientes, Mexiko, beginnenden 3. internationalen E-MAS-Konferenz. Die MTM ASSOCIATION e. V. als Mitveranstalter der 3. E-MAS Konferenz ist auch im mehrt\u00e4gigen Vortragsprogramm vertreten. <\/p>\n","protected":false},"author":5,"featured_media":5885,"comment_status":"closed","ping_status":"open","sticky":false,"template":"single-fullwidth.php","format":"standard","meta":{"footnotes":""},"categories":[66,55],"tags":[577,445,573,240,571,208,194,567,572,575,452,569,576,579,580],"class_list":{"0":"post-5884","1":"post","2":"type-post","3":"status-publish","4":"format-standard","5":"has-post-thumbnail","7":"category-ausbildung","8":"category-news","9":"tag-digitalisierung-der-ausbildung","10":"tag-e-learning","11":"tag-emas","12":"tag-ergonomie","13":"tag-future-of-work","14":"tag-industrial-engineering","15":"tag-mtm","16":"tag-mtm-association","17":"tag-mtm-institut-2","18":"tag-prozessbaustein","19":"tag-prozessoptimierung","20":"tag-verbesserungsprozess","21":"tag-virtual-reality-2","22":"tag-workshop","23":"tag-zukunft-der-arbeit"},"yoast_head":"<!-- This site is optimized with the Yoast SEO plugin v27.4 - https:\/\/yoast.com\/product\/yoast-seo-wordpress\/ -->\n<title>Lateinamerika diskutiert Zukunft der Arbeit - MTM ASSOCIATION e. V.<\/title>\n<meta name=\"description\" content=\"Lateinamerika diskutiert Zukunft der Arbeit - bei der 3. E-MAS-Konferenz ab 27. Februar 2023 in Mexiko. MTM-Experten sind dabei.\" \/>\n<meta name=\"robots\" content=\"index, follow, max-snippet:-1, max-image-preview:large, max-video-preview:-1\" \/>\n<link rel=\"canonical\" href=\"https:\/\/blog.mtm.org\/?p=5884\" \/>\n<meta property=\"og:locale\" content=\"de_DE\" \/>\n<meta property=\"og:type\" content=\"article\" \/>\n<meta property=\"og:title\" content=\"Lateinamerika diskutiert Zukunft der Arbeit - MTM ASSOCIATION e. V.\" \/>\n<meta property=\"og:description\" content=\"Lateinamerika diskutiert Zukunft der Arbeit - bei der 3. E-MAS-Konferenz ab 27. Februar 2023 in Mexiko. MTM-Experten sind dabei.\" \/>\n<meta property=\"og:url\" content=\"https:\/\/blog.mtm.org\/?p=5884\" \/>\n<meta property=\"og:site_name\" content=\"MTM ASSOCIATION e. V.\" \/>\n<meta property=\"article:publisher\" content=\"https:\/\/www.facebook.com\/mtm.org\" \/>\n<meta property=\"article:published_time\" content=\"2023-02-15T15:22:49+00:00\" \/>\n<meta property=\"article:modified_time\" content=\"2025-07-17T12:54:02+00:00\" \/>\n<meta property=\"og:image\" content=\"https:\/\/blog.mtm.org\/wp-content\/uploads\/2023\/02\/E-MAS-scaled.jpeg\" \/>\n\t<meta property=\"og:image:width\" content=\"2560\" \/>\n\t<meta property=\"og:image:height\" content=\"1404\" \/>\n\t<meta property=\"og:image:type\" content=\"image\/jpeg\" \/>\n<meta name=\"author\" content=\"Ina Klose-Hegewald\" \/>\n<meta name=\"twitter:card\" content=\"summary_large_image\" \/>\n<meta name=\"twitter:label1\" content=\"Verfasst von\" \/>\n\t<meta name=\"twitter:data1\" content=\"Ina Klose-Hegewald\" \/>\n\t<meta name=\"twitter:label2\" content=\"Gesch\u00e4tzte Lesezeit\" \/>\n\t<meta name=\"twitter:data2\" content=\"2\u00a0Minuten\" \/>\n<script type=\"application\/ld+json\" class=\"yoast-schema-graph\">{\"@context\":\"https:\\\/\\\/schema.org\",\"@graph\":[{\"@type\":\"Article\",\"@id\":\"https:\\\/\\\/blog.mtm.org\\\/?p=5884#article\",\"isPartOf\":{\"@id\":\"https:\\\/\\\/blog.mtm.org\\\/?p=5884\"},\"author\":{\"name\":\"Ina Klose-Hegewald\",\"@id\":\"https:\\\/\\\/blog.mtm.org\\\/#\\\/schema\\\/person\\\/3270a96dc52fab3f4fe516995965c5d2\"},\"headline\":\"Lateinamerika diskutiert Zukunft der Arbeit\",\"datePublished\":\"2023-02-15T15:22:49+00:00\",\"dateModified\":\"2025-07-17T12:54:02+00:00\",\"mainEntityOfPage\":{\"@id\":\"https:\\\/\\\/blog.mtm.org\\\/?p=5884\"},\"wordCount\":361,\"publisher\":{\"@id\":\"https:\\\/\\\/blog.mtm.org\\\/#organization\"},\"image\":{\"@id\":\"https:\\\/\\\/blog.mtm.org\\\/?p=5884#primaryimage\"},\"thumbnailUrl\":\"https:\\\/\\\/blog.mtm.org\\\/wp-content\\\/uploads\\\/2023\\\/02\\\/E-MAS-scaled.jpeg\",\"keywords\":[\"digitalisierung der Ausbildung\",\"E-Learning\",\"emas\",\"ergonomie\",\"future of work\",\"industrial engineering\",\"mtm\",\"mtm association\",\"mtm institut\",\"Prozessbaustein\",\"Prozessoptimierung\",\"verbesserungsproze\u00df\",\"Virtual Reality\",\"Workshop\",\"zukunft der Arbeit\"],\"articleSection\":[\"Ausbildung\",\"News\"],\"inLanguage\":\"de\"},{\"@type\":\"WebPage\",\"@id\":\"https:\\\/\\\/blog.mtm.org\\\/?p=5884\",\"url\":\"https:\\\/\\\/blog.mtm.org\\\/?p=5884\",\"name\":\"Lateinamerika diskutiert Zukunft der Arbeit - MTM ASSOCIATION e. V.\",\"isPartOf\":{\"@id\":\"https:\\\/\\\/blog.mtm.org\\\/#website\"},\"primaryImageOfPage\":{\"@id\":\"https:\\\/\\\/blog.mtm.org\\\/?p=5884#primaryimage\"},\"image\":{\"@id\":\"https:\\\/\\\/blog.mtm.org\\\/?p=5884#primaryimage\"},\"thumbnailUrl\":\"https:\\\/\\\/blog.mtm.org\\\/wp-content\\\/uploads\\\/2023\\\/02\\\/E-MAS-scaled.jpeg\",\"datePublished\":\"2023-02-15T15:22:49+00:00\",\"dateModified\":\"2025-07-17T12:54:02+00:00\",\"description\":\"Lateinamerika diskutiert Zukunft der Arbeit - bei der 3. E-MAS-Konferenz ab 27. Februar 2023 in Mexiko. MTM-Experten sind dabei.\",\"breadcrumb\":{\"@id\":\"https:\\\/\\\/blog.mtm.org\\\/?p=5884#breadcrumb\"},\"inLanguage\":\"de\",\"potentialAction\":[{\"@type\":\"ReadAction\",\"target\":[\"https:\\\/\\\/blog.mtm.org\\\/?p=5884\"]}]},{\"@type\":\"ImageObject\",\"inLanguage\":\"de\",\"@id\":\"https:\\\/\\\/blog.mtm.org\\\/?p=5884#primaryimage\",\"url\":\"https:\\\/\\\/blog.mtm.org\\\/wp-content\\\/uploads\\\/2023\\\/02\\\/E-MAS-scaled.jpeg\",\"contentUrl\":\"https:\\\/\\\/blog.mtm.org\\\/wp-content\\\/uploads\\\/2023\\\/02\\\/E-MAS-scaled.jpeg\",\"width\":2560,\"height\":1404,\"caption\":\"Woman and man manufacturing worker in discussion writing on tablet computer\"},{\"@type\":\"BreadcrumbList\",\"@id\":\"https:\\\/\\\/blog.mtm.org\\\/?p=5884#breadcrumb\",\"itemListElement\":[{\"@type\":\"ListItem\",\"position\":1,\"name\":\"Startseite\",\"item\":\"https:\\\/\\\/blog.mtm.org\\\/\"},{\"@type\":\"ListItem\",\"position\":2,\"name\":\"Lateinamerika diskutiert Zukunft der Arbeit\"}]},{\"@type\":\"WebSite\",\"@id\":\"https:\\\/\\\/blog.mtm.org\\\/#website\",\"url\":\"https:\\\/\\\/blog.mtm.org\\\/\",\"name\":\"MTM ASSOCIATION e. V.\",\"description\":\"Blog\",\"publisher\":{\"@id\":\"https:\\\/\\\/blog.mtm.org\\\/#organization\"},\"potentialAction\":[{\"@type\":\"SearchAction\",\"target\":{\"@type\":\"EntryPoint\",\"urlTemplate\":\"https:\\\/\\\/blog.mtm.org\\\/?s={search_term_string}\"},\"query-input\":{\"@type\":\"PropertyValueSpecification\",\"valueRequired\":true,\"valueName\":\"search_term_string\"}}],\"inLanguage\":\"de\"},{\"@type\":\"Organization\",\"@id\":\"https:\\\/\\\/blog.mtm.org\\\/#organization\",\"name\":\"MTM ASSOCIATION e. V.\",\"url\":\"https:\\\/\\\/blog.mtm.org\\\/\",\"logo\":{\"@type\":\"ImageObject\",\"inLanguage\":\"de\",\"@id\":\"https:\\\/\\\/blog.mtm.org\\\/#\\\/schema\\\/logo\\\/image\\\/\",\"url\":\"https:\\\/\\\/blog.mtm.org\\\/wp-content\\\/uploads\\\/2022\\\/04\\\/logo_mtm.jpg\",\"contentUrl\":\"https:\\\/\\\/blog.mtm.org\\\/wp-content\\\/uploads\\\/2022\\\/04\\\/logo_mtm.jpg\",\"width\":400,\"height\":400,\"caption\":\"MTM ASSOCIATION e. V.\"},\"image\":{\"@id\":\"https:\\\/\\\/blog.mtm.org\\\/#\\\/schema\\\/logo\\\/image\\\/\"},\"sameAs\":[\"https:\\\/\\\/www.facebook.com\\\/mtm.org\",\"https:\\\/\\\/www.instagram.com\\\/mtmassociation\\\/\",\"https:\\\/\\\/www.linkedin.com\\\/company\\\/mtmassociation\\\/\",\"https:\\\/\\\/www.youtube.com\\\/user\\\/MTMtvPortal\",\"https:\\\/\\\/de.wikipedia.org\\\/wiki\\\/MTM_Association\"]},{\"@type\":\"Person\",\"@id\":\"https:\\\/\\\/blog.mtm.org\\\/#\\\/schema\\\/person\\\/3270a96dc52fab3f4fe516995965c5d2\",\"name\":\"Ina Klose-Hegewald\",\"image\":{\"@type\":\"ImageObject\",\"inLanguage\":\"de\",\"@id\":\"https:\\\/\\\/secure.gravatar.com\\\/avatar\\\/dfd02f481ac5a7017dde24d3cb4ee1f6d347b66b143b9074a8d1d97c52a5cd0c?s=96&d=mm&r=g\",\"url\":\"https:\\\/\\\/secure.gravatar.com\\\/avatar\\\/dfd02f481ac5a7017dde24d3cb4ee1f6d347b66b143b9074a8d1d97c52a5cd0c?s=96&d=mm&r=g\",\"contentUrl\":\"https:\\\/\\\/secure.gravatar.com\\\/avatar\\\/dfd02f481ac5a7017dde24d3cb4ee1f6d347b66b143b9074a8d1d97c52a5cd0c?s=96&d=mm&r=g\",\"caption\":\"Ina Klose-Hegewald\"},\"sameAs\":[\"http:\\\/\\\/blog.mtm.org\"]}]}<\/script>\n<!-- \/ Yoast SEO plugin. -->","yoast_head_json":{"title":"Lateinamerika diskutiert Zukunft der Arbeit - MTM ASSOCIATION e. V.","description":"Lateinamerika diskutiert Zukunft der Arbeit - bei der 3. E-MAS-Konferenz ab 27. Februar 2023 in Mexiko. MTM-Experten sind dabei.","robots":{"index":"index","follow":"follow","max-snippet":"max-snippet:-1","max-image-preview":"max-image-preview:large","max-video-preview":"max-video-preview:-1"},"canonical":"https:\/\/blog.mtm.org\/?p=5884","og_locale":"de_DE","og_type":"article","og_title":"Lateinamerika diskutiert Zukunft der Arbeit - MTM ASSOCIATION e. V.","og_description":"Lateinamerika diskutiert Zukunft der Arbeit - bei der 3. E-MAS-Konferenz ab 27. Februar 2023 in Mexiko. MTM-Experten sind dabei.","og_url":"https:\/\/blog.mtm.org\/?p=5884","og_site_name":"MTM ASSOCIATION e. V.","article_publisher":"https:\/\/www.facebook.com\/mtm.org","article_published_time":"2023-02-15T15:22:49+00:00","article_modified_time":"2025-07-17T12:54:02+00:00","og_image":[{"width":2560,"height":1404,"url":"https:\/\/blog.mtm.org\/wp-content\/uploads\/2023\/02\/E-MAS-scaled.jpeg","type":"image\/jpeg"}],"author":"Ina Klose-Hegewald","twitter_card":"summary_large_image","twitter_misc":{"Verfasst von":"Ina Klose-Hegewald","Gesch\u00e4tzte Lesezeit":"2\u00a0Minuten"},"schema":{"@context":"https:\/\/schema.org","@graph":[{"@type":"Article","@id":"https:\/\/blog.mtm.org\/?p=5884#article","isPartOf":{"@id":"https:\/\/blog.mtm.org\/?p=5884"},"author":{"name":"Ina Klose-Hegewald","@id":"https:\/\/blog.mtm.org\/#\/schema\/person\/3270a96dc52fab3f4fe516995965c5d2"},"headline":"Lateinamerika diskutiert Zukunft der Arbeit","datePublished":"2023-02-15T15:22:49+00:00","dateModified":"2025-07-17T12:54:02+00:00","mainEntityOfPage":{"@id":"https:\/\/blog.mtm.org\/?p=5884"},"wordCount":361,"publisher":{"@id":"https:\/\/blog.mtm.org\/#organization"},"image":{"@id":"https:\/\/blog.mtm.org\/?p=5884#primaryimage"},"thumbnailUrl":"https:\/\/blog.mtm.org\/wp-content\/uploads\/2023\/02\/E-MAS-scaled.jpeg","keywords":["digitalisierung der Ausbildung","E-Learning","emas","ergonomie","future of work","industrial engineering","mtm","mtm association","mtm institut","Prozessbaustein","Prozessoptimierung","verbesserungsproze\u00df","Virtual Reality","Workshop","zukunft der Arbeit"],"articleSection":["Ausbildung","News"],"inLanguage":"de"},{"@type":"WebPage","@id":"https:\/\/blog.mtm.org\/?p=5884","url":"https:\/\/blog.mtm.org\/?p=5884","name":"Lateinamerika diskutiert Zukunft der Arbeit - MTM ASSOCIATION e. V.","isPartOf":{"@id":"https:\/\/blog.mtm.org\/#website"},"primaryImageOfPage":{"@id":"https:\/\/blog.mtm.org\/?p=5884#primaryimage"},"image":{"@id":"https:\/\/blog.mtm.org\/?p=5884#primaryimage"},"thumbnailUrl":"https:\/\/blog.mtm.org\/wp-content\/uploads\/2023\/02\/E-MAS-scaled.jpeg","datePublished":"2023-02-15T15:22:49+00:00","dateModified":"2025-07-17T12:54:02+00:00","description":"Lateinamerika diskutiert Zukunft der Arbeit - bei der 3. E-MAS-Konferenz ab 27. Februar 2023 in Mexiko. MTM-Experten sind dabei.","breadcrumb":{"@id":"https:\/\/blog.mtm.org\/?p=5884#breadcrumb"},"inLanguage":"de","potentialAction":[{"@type":"ReadAction","target":["https:\/\/blog.mtm.org\/?p=5884"]}]},{"@type":"ImageObject","inLanguage":"de","@id":"https:\/\/blog.mtm.org\/?p=5884#primaryimage","url":"https:\/\/blog.mtm.org\/wp-content\/uploads\/2023\/02\/E-MAS-scaled.jpeg","contentUrl":"https:\/\/blog.mtm.org\/wp-content\/uploads\/2023\/02\/E-MAS-scaled.jpeg","width":2560,"height":1404,"caption":"Woman and man manufacturing worker in discussion writing on tablet computer"},{"@type":"BreadcrumbList","@id":"https:\/\/blog.mtm.org\/?p=5884#breadcrumb","itemListElement":[{"@type":"ListItem","position":1,"name":"Startseite","item":"https:\/\/blog.mtm.org\/"},{"@type":"ListItem","position":2,"name":"Lateinamerika diskutiert Zukunft der Arbeit"}]},{"@type":"WebSite","@id":"https:\/\/blog.mtm.org\/#website","url":"https:\/\/blog.mtm.org\/","name":"MTM ASSOCIATION e. V.","description":"Blog","publisher":{"@id":"https:\/\/blog.mtm.org\/#organization"},"potentialAction":[{"@type":"SearchAction","target":{"@type":"EntryPoint","urlTemplate":"https:\/\/blog.mtm.org\/?s={search_term_string}"},"query-input":{"@type":"PropertyValueSpecification","valueRequired":true,"valueName":"search_term_string"}}],"inLanguage":"de"},{"@type":"Organization","@id":"https:\/\/blog.mtm.org\/#organization","name":"MTM ASSOCIATION e. V.","url":"https:\/\/blog.mtm.org\/","logo":{"@type":"ImageObject","inLanguage":"de","@id":"https:\/\/blog.mtm.org\/#\/schema\/logo\/image\/","url":"https:\/\/blog.mtm.org\/wp-content\/uploads\/2022\/04\/logo_mtm.jpg","contentUrl":"https:\/\/blog.mtm.org\/wp-content\/uploads\/2022\/04\/logo_mtm.jpg","width":400,"height":400,"caption":"MTM ASSOCIATION e. V."},"image":{"@id":"https:\/\/blog.mtm.org\/#\/schema\/logo\/image\/"},"sameAs":["https:\/\/www.facebook.com\/mtm.org","https:\/\/www.instagram.com\/mtmassociation\/","https:\/\/www.linkedin.com\/company\/mtmassociation\/","https:\/\/www.youtube.com\/user\/MTMtvPortal","https:\/\/de.wikipedia.org\/wiki\/MTM_Association"]},{"@type":"Person","@id":"https:\/\/blog.mtm.org\/#\/schema\/person\/3270a96dc52fab3f4fe516995965c5d2","name":"Ina Klose-Hegewald","image":{"@type":"ImageObject","inLanguage":"de","@id":"https:\/\/secure.gravatar.com\/avatar\/dfd02f481ac5a7017dde24d3cb4ee1f6d347b66b143b9074a8d1d97c52a5cd0c?s=96&d=mm&r=g","url":"https:\/\/secure.gravatar.com\/avatar\/dfd02f481ac5a7017dde24d3cb4ee1f6d347b66b143b9074a8d1d97c52a5cd0c?s=96&d=mm&r=g","contentUrl":"https:\/\/secure.gravatar.com\/avatar\/dfd02f481ac5a7017dde24d3cb4ee1f6d347b66b143b9074a8d1d97c52a5cd0c?s=96&d=mm&r=g","caption":"Ina Klose-Hegewald"},"sameAs":["http:\/\/blog.mtm.org"]}]}},"menu_order":0,"_links":{"self":[{"href":"https:\/\/blog.mtm.org\/index.php?rest_route=\/wp\/v2\/posts\/5884","targetHints":{"allow":["GET"]}}],"collection":[{"href":"https:\/\/blog.mtm.org\/index.php?rest_route=\/wp\/v2\/posts"}],"about":[{"href":"https:\/\/blog.mtm.org\/index.php?rest_route=\/wp\/v2\/types\/post"}],"author":[{"embeddable":true,"href":"https:\/\/blog.mtm.org\/index.php?rest_route=\/wp\/v2\/users\/5"}],"replies":[{"embeddable":true,"href":"https:\/\/blog.mtm.org\/index.php?rest_route=%2Fwp%2Fv2%2Fcomments&post=5884"}],"version-history":[{"count":14,"href":"https:\/\/blog.mtm.org\/index.php?rest_route=\/wp\/v2\/posts\/5884\/revisions"}],"predecessor-version":[{"id":6825,"href":"https:\/\/blog.mtm.org\/index.php?rest_route=\/wp\/v2\/posts\/5884\/revisions\/6825"}],"wp:featuredmedia":[{"embeddable":true,"href":"https:\/\/blog.mtm.org\/index.php?rest_route=\/wp\/v2\/media\/5885"}],"wp:attachment":[{"href":"https:\/\/blog.mtm.org\/index.php?rest_route=%2Fwp%2Fv2%2Fmedia&parent=5884"}],"wp:term":[{"taxonomy":"category","embeddable":true,"href":"https:\/\/blog.mtm.org\/index.php?rest_route=%2Fwp%2Fv2%2Fcategories&post=5884"},{"taxonomy":"post_tag","embeddable":true,"href":"https:\/\/blog.mtm.org\/index.php?rest_route=%2Fwp%2Fv2%2Ftags&post=5884"}],"curies":[{"name":"wp","href":"https:\/\/api.w.org\/{rel}","templated":true}]}}