{"id":4589,"date":"2022-07-01T10:45:14","date_gmt":"2022-07-01T08:45:14","guid":{"rendered":"https:\/\/blog.mtm.org\/?p=4589"},"modified":"2022-07-06T15:36:11","modified_gmt":"2022-07-06T13:36:11","slug":"herwig-weidle-takes-over-management-of-the-digital-solutions-division","status":"publish","type":"post","link":"https:\/\/blog.mtm.org\/?p=4589&lang=en","title":{"rendered":"Herwig Weidle takes over management of the Digital Solutions division"},"content":{"rendered":"\t\t<div data-elementor-type=\"wp-post\" data-elementor-id=\"4589\" class=\"elementor elementor-4589\">\n\t\t\t\t\t\t<section class=\"elementor-section elementor-top-section elementor-element elementor-element-8c517ce elementor-section-boxed elementor-section-height-default elementor-section-height-default\" data-id=\"8c517ce\" data-element_type=\"section\" data-e-type=\"section\">\r\n\t\t\t\t\t\t<div class=\"elementor-container elementor-column-gap-thegem\"><div class=\"elementor-row\">\r\n\t\t\t\t\t<div class=\"elementor-column elementor-col-100 elementor-top-column elementor-element elementor-element-7519399\" data-id=\"7519399\" data-element_type=\"column\" data-e-type=\"column\">\n\t\t\t<div class=\"elementor-widget-wrap elementor-element-populated\">\n\t\t\t\t\t\t<div class=\"elementor-element elementor-element-2548c14 flex-horizontal-align-default flex-horizontal-align-tablet-default flex-horizontal-align-mobile-default flex-vertical-align-default flex-vertical-align-tablet-default flex-vertical-align-mobile-default elementor-widget elementor-widget-text-editor\" data-id=\"2548c14\" data-element_type=\"widget\" data-e-type=\"widget\" data-widget_type=\"text-editor.default\">\n\t\t\t\t<div class=\"elementor-widget-container\">\n\t\t\t\t\t\t\t\t\t\t\t\t<div class=\"elementor-text-editor elementor-clearfix\">\r\n\t\t\t\t\t\t<p><strong><span class=\"LineBreakBlob BlobObject DragDrop SCXW234381235 BCX9\">On June 1, 2022, Herwig Weidle took over management of the Digital Solutions division of Deutsche MTM-Gesellschaft mbH. The previous head of software development succeeds Franz Coriand in his new position, who has reoriented himself professionally. We spoke to the 45-year-old about new tasks and personal goals.<\/span><\/strong><\/p>\t\t\t\t\t\t\t<\/div>\r\n\t\t\t\t\t\t\t\t\t\t<\/div>\n\t\t\t\t<\/div>\n\t\t\t\t\t<\/div>\n\t\t<\/div>\n\t\t\t\t\t<\/div><\/div>\r\n\t\t<\/section>\r\n\t\t\t\t<section class=\"elementor-section elementor-top-section elementor-element elementor-element-9c8d2e3 elementor-section-boxed elementor-section-height-default elementor-section-height-default\" data-id=\"9c8d2e3\" data-element_type=\"section\" data-e-type=\"section\">\r\n\t\t\t\t\t\t<div class=\"elementor-container elementor-column-gap-thegem\"><div class=\"elementor-row\">\r\n\t\t\t\t\t<div class=\"elementor-column elementor-col-50 elementor-top-column elementor-element elementor-element-97de168\" data-id=\"97de168\" data-element_type=\"column\" data-e-type=\"column\">\n\t\t\t<div class=\"elementor-widget-wrap elementor-element-populated\">\n\t\t\t\t\t\t<div class=\"elementor-element elementor-element-7702b53 flex-horizontal-align-default flex-horizontal-align-tablet-default flex-horizontal-align-mobile-default flex-vertical-align-default flex-vertical-align-tablet-default flex-vertical-align-mobile-default elementor-widget elementor-widget-text-editor\" data-id=\"7702b53\" data-element_type=\"widget\" data-e-type=\"widget\" data-widget_type=\"text-editor.default\">\n\t\t\t\t<div class=\"elementor-widget-container\">\n\t\t\t\t\t\t\t\t\t\t\t\t<div class=\"elementor-text-editor elementor-clearfix\">\r\n\t\t\t\t\t\t<p><i><b>Herwig, you come from the classic developer corner and are now responsible for the entire Digital Solutions business area, including sales and strategy. what does that mean to you?<\/b><\/i><\/p><p>First and foremost an exciting challenge. I have respect to the task, but I&#8217;m not afraid to tackle it. As head of software development and member of the board of directors of MTM ASSOCIATION e. V. I was always close to the action, I was also present at many customer meetings and was able to learn from the experiences of many committed colleagues.<\/p><p><b><i>How do you deal with it?<\/i><\/b><\/p><p>Developing the tried and tested, setting new impulses and bringing in my individual perspective &#8211; this triad will determine my actions.<\/p>\t\t\t\t\t\t\t<\/div>\r\n\t\t\t\t\t\t\t\t\t\t<\/div>\n\t\t\t\t<\/div>\n\t\t\t\t\t<\/div>\n\t\t<\/div>\n\t\t\t\t<div class=\"elementor-column elementor-col-50 elementor-top-column elementor-element elementor-element-08bbcc0\" data-id=\"08bbcc0\" data-element_type=\"column\" data-e-type=\"column\">\n\t\t\t<div class=\"elementor-widget-wrap elementor-element-populated\">\n\t\t\t\t\t\t<div class=\"elementor-element elementor-element-1cbbd94 flex-horizontal-align-default flex-horizontal-align-tablet-default flex-horizontal-align-mobile-default flex-vertical-align-default flex-vertical-align-tablet-default flex-vertical-align-mobile-default elementor-widget elementor-widget-image\" data-id=\"1cbbd94\" data-element_type=\"widget\" data-e-type=\"widget\" data-widget_type=\"image.default\">\n\t\t\t\t<div class=\"elementor-widget-container\">\n\t\t\t\t\t\t\t\t\t\t\t\t<figure class=\"wp-caption\">\n\t\t\t\t\t\t\t\t\t\t<img width=\"1024\" height=\"630\" src=\"https:\/\/blog.mtm.org\/wp-content\/uploads\/2022\/07\/herwigmtm-1024x630.jpg\" class=\"attachment-large size-large wp-image-4749\" alt=\"\" srcset=\"https:\/\/blog.mtm.org\/wp-content\/uploads\/2022\/07\/herwigmtm-1024x630.jpg 1024w, https:\/\/blog.mtm.org\/wp-content\/uploads\/2022\/07\/herwigmtm-300x185.jpg 300w, https:\/\/blog.mtm.org\/wp-content\/uploads\/2022\/07\/herwigmtm-768x472.jpg 768w, https:\/\/blog.mtm.org\/wp-content\/uploads\/2022\/07\/herwigmtm-1536x945.jpg 1536w, https:\/\/blog.mtm.org\/wp-content\/uploads\/2022\/07\/herwigmtm-2048x1260.jpg 2048w\" sizes=\"(max-width: 1024px) 100vw, 1024px\" \/>\t\t\t\t\t\t\t\t\t\t\t<figcaption class=\"widget-image-caption wp-caption-text\">The management trio of MTM ASSOCIATION e. V. (from left): Herwig Weidle, Director Business Unit Digital Solutions, Prof. Dr. Peter Kuhlang, CEO, and Ralf L. Jaehnke, Head of Consulting at Deutsche MTM-Gesellschaft mbh<\/figcaption>\n\t\t\t\t\t\t\t\t\t\t<\/figure>\n\t\t\t\t\t\t\t\t\t<\/div>\n\t\t\t\t<\/div>\n\t\t\t\t\t<\/div>\n\t\t<\/div>\n\t\t\t\t\t<\/div><\/div>\r\n\t\t<\/section>\r\n\t\t\t\t<section class=\"elementor-section elementor-top-section elementor-element elementor-element-862eb78 elementor-section-boxed elementor-section-height-default elementor-section-height-default\" data-id=\"862eb78\" data-element_type=\"section\" data-e-type=\"section\">\r\n\t\t\t\t\t\t<div class=\"elementor-container elementor-column-gap-thegem\"><div class=\"elementor-row\">\r\n\t\t\t\t\t<div class=\"elementor-column elementor-col-100 elementor-top-column elementor-element elementor-element-23c85ba\" data-id=\"23c85ba\" data-element_type=\"column\" data-e-type=\"column\">\n\t\t\t<div class=\"elementor-widget-wrap elementor-element-populated\">\n\t\t\t\t\t\t<div class=\"elementor-element elementor-element-8f71c3d flex-horizontal-align-default flex-horizontal-align-tablet-default flex-horizontal-align-mobile-default flex-vertical-align-default flex-vertical-align-tablet-default flex-vertical-align-mobile-default elementor-widget elementor-widget-text-editor\" data-id=\"8f71c3d\" data-element_type=\"widget\" data-e-type=\"widget\" data-widget_type=\"text-editor.default\">\n\t\t\t\t<div class=\"elementor-widget-container\">\n\t\t\t\t\t\t\t\t\t\t\t\t<div class=\"elementor-text-editor elementor-clearfix\">\r\n\t\t\t\t\t\t<p><b><i>Is the developer in you conducive to this?<\/i><\/b><\/p><b><i>\n<\/i><\/b><p><b><i><\/i><\/b>In any case. As a developer, I have always been involved with innovation &#8211; and know the structured, solution-oriented way of working associated with software development. I&#8217;m also willing to try new things. In the new function, I can transfer this experience to the new areas of responsibility.<\/p>\n<p><i><b>Which topics do you want to promote as head of the Digital Solutions business area?<\/b><\/i><\/p><i><b>\n<\/b><\/i><p><i><b><\/b><\/i>Basically, I still see great market potential for our main product TiCon as standard software for MTM applications. On the sales side, the focus for me is on digital sales, social selling and the development of a solution-oriented offer. I can rely on the team leaders in software development. You&#8217;re taking on more responsibility now, so you&#8217;ve got my back.<\/p>\n<p><b><i>Are there other tasks that are high on your to-do list?<\/i><\/b><\/p><b><i>\n<\/i><\/b><p><b><i><\/i><\/b>The topic of customer satisfaction is important to me, and particularly the satisfaction of our maintenance customers, i.e. the companies that work with a product from the Dresden software house. A survey on product and service quality is planned for this year.<\/p>\n<p><i><b>Cloud first, is that what many software manufacturers say \u2013 including Deutsche MTM-Gesellschaft mbH?<\/b><\/i><\/p><i><b>\n<\/b><\/i><p><i><b><\/b><\/i>Let me put it this way: We have our sights firmly set on the cloud. TiCon for SAP, the software solution for recording, managing and processing time data directly in SAP, is being used successfully by a large number of companies in the automotive, electrical, machine and aircraft industries. In the &#8222;Co-Innovated with SAP&#8220; program, we are working as a certified SAP Silver Partner with the best experts and technologies in the industry on a new TiCon solution for the S\/4HANA cloud.<\/p>\n<p><b><i>And what about the development of other cloud products?<\/i><\/b><\/p><b><i>\n<\/i><\/b><p><b><i><\/i><\/b>We made the first serve with MTM-Easy<sup>\u00ae<\/sup>, the cloud-based software solution for determining benchmark times. Their advantages are obvious: flexible mobile or desktop use, reliable time data as a factual decision-making aid &#8211; and all this without training and software installation, simply and conveniently in the cloud. Our second cloud product will be launched this autumn: <b>TiCon for Web<\/b>. This is a SaaS solution in which, like MTM-Easy<sup>\u00ae<\/sup>, we also take over the operation of the software for the customer. The solution is designed in such a way that it is limited to the essential TiCon functionalities and can be easily integrated into other planning systems. The product is currently being tested by selected pilot customers.<\/p>\n<p>The official starting signal will then be given at the&nbsp;<a href=\"http:\/\/summit.mtm.org\" target=\"_blank\" rel=\"noopener\"><b>MTM SUMMIT 2022<\/b><\/a>&nbsp;&#8211; you shouldn&#8217;t miss it!<\/p>\t\t\t\t\t\t\t<\/div>\r\n\t\t\t\t\t\t\t\t\t\t<\/div>\n\t\t\t\t<\/div>\n\t\t\t\t\t<\/div>\n\t\t<\/div>\n\t\t\t\t\t<\/div><\/div>\r\n\t\t<\/section>\r\n\t\t\t\t<\/div>\n\t\t","protected":false},"excerpt":{"rendered":"<p>On June 1, 2022, Herwig Weidle took over management of the Digital Solutions division of Deutsche MTM-Gesellschaft mbH. The previous head of software development succeeds Franz Coriand in his new position, who has reoriented himself professionally. We spoke to the 45-year-old about new tasks and personal goals.<\/p>\n","protected":false},"author":5,"featured_media":4573,"comment_status":"closed","ping_status":"closed","sticky":false,"template":"single-fullwidth.php","format":"standard","meta":{"footnotes":""},"categories":[1],"tags":[699,584,330,199,458],"class_list":{"0":"post-4589","1":"post","2":"type-post","3":"status-publish","4":"format-standard","5":"has-post-thumbnail","7":"category-news","8":"tag-digital-solutions-en","9":"tag-dmtm-en","10":"tag-industrial-engineering-en","11":"tag-mtm-en","12":"tag-ticon-en"},"yoast_head":"<!-- This site is optimized with the Yoast SEO plugin v27.4 - https:\/\/yoast.com\/product\/yoast-seo-wordpress\/ -->\n<title>Herwig Weidle \u00fcbernimmt die Leitung des Gesch\u00e4ftsfelds Digitale L\u00f6sungen<\/title>\n<meta name=\"robots\" content=\"index, follow, max-snippet:-1, max-image-preview:large, max-video-preview:-1\" \/>\n<link rel=\"canonical\" href=\"https:\/\/blog.mtm.org\/?p=4589\" \/>\n<meta property=\"og:locale\" content=\"de_DE\" \/>\n<meta property=\"og:type\" content=\"article\" \/>\n<meta property=\"og:title\" content=\"Herwig Weidle \u00fcbernimmt die Leitung des Gesch\u00e4ftsfelds Digitale L\u00f6sungen\" \/>\n<meta property=\"og:description\" content=\"On June 1, 2022, Herwig Weidle took over management of the Digital Solutions division of Deutsche MTM-Gesellschaft mbH. The previous head of software development succeeds Franz Coriand in his new position, who has reoriented himself professionally. We spoke to the 45-year-old about new tasks and personal goals.\" \/>\n<meta property=\"og:url\" content=\"https:\/\/blog.mtm.org\/?p=4589&amp;lang=en\" \/>\n<meta property=\"og:site_name\" content=\"MTM ASSOCIATION e. V.\" \/>\n<meta property=\"article:publisher\" content=\"https:\/\/www.facebook.com\/mtm.org\" \/>\n<meta property=\"article:published_time\" content=\"2022-07-01T08:45:14+00:00\" \/>\n<meta property=\"article:modified_time\" content=\"2022-07-06T13:36:11+00:00\" \/>\n<meta property=\"og:image\" content=\"https:\/\/blog.mtm.org\/wp-content\/uploads\/2022\/06\/digitalsolutions.jpg\" \/>\n\t<meta property=\"og:image:width\" content=\"2560\" \/>\n\t<meta property=\"og:image:height\" content=\"1282\" \/>\n\t<meta property=\"og:image:type\" content=\"image\/jpeg\" \/>\n<meta name=\"author\" content=\"Ina Klose-Hegewald\" \/>\n<meta name=\"twitter:card\" content=\"summary_large_image\" \/>\n<meta name=\"twitter:label1\" content=\"Verfasst von\" \/>\n\t<meta name=\"twitter:data1\" content=\"Ina Klose-Hegewald\" \/>\n\t<meta name=\"twitter:label2\" content=\"Gesch\u00e4tzte Lesezeit\" \/>\n\t<meta name=\"twitter:data2\" content=\"3\u00a0Minuten\" \/>\n<script type=\"application\/ld+json\" class=\"yoast-schema-graph\">{\"@context\":\"https:\\\/\\\/schema.org\",\"@graph\":[{\"@type\":\"Article\",\"@id\":\"https:\\\/\\\/blog.mtm.org\\\/?p=4589&lang=en#article\",\"isPartOf\":{\"@id\":\"https:\\\/\\\/blog.mtm.org\\\/?p=4589&lang=en\"},\"author\":{\"name\":\"Ina Klose-Hegewald\",\"@id\":\"https:\\\/\\\/blog.mtm.org\\\/#\\\/schema\\\/person\\\/3270a96dc52fab3f4fe516995965c5d2\"},\"headline\":\"Herwig Weidle takes over management of the Digital Solutions division\",\"datePublished\":\"2022-07-01T08:45:14+00:00\",\"dateModified\":\"2022-07-06T13:36:11+00:00\",\"mainEntityOfPage\":{\"@id\":\"https:\\\/\\\/blog.mtm.org\\\/?p=4589&lang=en\"},\"wordCount\":637,\"publisher\":{\"@id\":\"https:\\\/\\\/blog.mtm.org\\\/#organization\"},\"image\":{\"@id\":\"https:\\\/\\\/blog.mtm.org\\\/?p=4589&lang=en#primaryimage\"},\"thumbnailUrl\":\"https:\\\/\\\/blog.mtm.org\\\/wp-content\\\/uploads\\\/2022\\\/06\\\/digitalsolutions.jpg\",\"keywords\":[\"Digital Solutions\",\"dmtm\",\"industrial engineering\",\"mtm\",\"TiCon\"],\"articleSection\":[\"News\"],\"inLanguage\":\"de\"},{\"@type\":\"WebPage\",\"@id\":\"https:\\\/\\\/blog.mtm.org\\\/?p=4589&lang=en\",\"url\":\"https:\\\/\\\/blog.mtm.org\\\/?p=4589&lang=en\",\"name\":\"Herwig Weidle \u00fcbernimmt die Leitung des Gesch\u00e4ftsfelds Digitale L\u00f6sungen\",\"isPartOf\":{\"@id\":\"https:\\\/\\\/blog.mtm.org\\\/#website\"},\"primaryImageOfPage\":{\"@id\":\"https:\\\/\\\/blog.mtm.org\\\/?p=4589&lang=en#primaryimage\"},\"image\":{\"@id\":\"https:\\\/\\\/blog.mtm.org\\\/?p=4589&lang=en#primaryimage\"},\"thumbnailUrl\":\"https:\\\/\\\/blog.mtm.org\\\/wp-content\\\/uploads\\\/2022\\\/06\\\/digitalsolutions.jpg\",\"datePublished\":\"2022-07-01T08:45:14+00:00\",\"dateModified\":\"2022-07-06T13:36:11+00:00\",\"breadcrumb\":{\"@id\":\"https:\\\/\\\/blog.mtm.org\\\/?p=4589&lang=en#breadcrumb\"},\"inLanguage\":\"de\",\"potentialAction\":[{\"@type\":\"ReadAction\",\"target\":[\"https:\\\/\\\/blog.mtm.org\\\/?p=4589&lang=en\"]}]},{\"@type\":\"ImageObject\",\"inLanguage\":\"de\",\"@id\":\"https:\\\/\\\/blog.mtm.org\\\/?p=4589&lang=en#primaryimage\",\"url\":\"https:\\\/\\\/blog.mtm.org\\\/wp-content\\\/uploads\\\/2022\\\/06\\\/digitalsolutions.jpg\",\"contentUrl\":\"https:\\\/\\\/blog.mtm.org\\\/wp-content\\\/uploads\\\/2022\\\/06\\\/digitalsolutions.jpg\",\"width\":2560,\"height\":1282},{\"@type\":\"BreadcrumbList\",\"@id\":\"https:\\\/\\\/blog.mtm.org\\\/?p=4589&lang=en#breadcrumb\",\"itemListElement\":[{\"@type\":\"ListItem\",\"position\":1,\"name\":\"Startseite\",\"item\":\"https:\\\/\\\/blog.mtm.org\\\/\"},{\"@type\":\"ListItem\",\"position\":2,\"name\":\"Herwig Weidle takes over management of the Digital Solutions division\"}]},{\"@type\":\"WebSite\",\"@id\":\"https:\\\/\\\/blog.mtm.org\\\/#website\",\"url\":\"https:\\\/\\\/blog.mtm.org\\\/\",\"name\":\"MTM ASSOCIATION e. V.\",\"description\":\"Blog\",\"publisher\":{\"@id\":\"https:\\\/\\\/blog.mtm.org\\\/#organization\"},\"potentialAction\":[{\"@type\":\"SearchAction\",\"target\":{\"@type\":\"EntryPoint\",\"urlTemplate\":\"https:\\\/\\\/blog.mtm.org\\\/?s={search_term_string}\"},\"query-input\":{\"@type\":\"PropertyValueSpecification\",\"valueRequired\":true,\"valueName\":\"search_term_string\"}}],\"inLanguage\":\"de\"},{\"@type\":\"Organization\",\"@id\":\"https:\\\/\\\/blog.mtm.org\\\/#organization\",\"name\":\"MTM ASSOCIATION e. V.\",\"url\":\"https:\\\/\\\/blog.mtm.org\\\/\",\"logo\":{\"@type\":\"ImageObject\",\"inLanguage\":\"de\",\"@id\":\"https:\\\/\\\/blog.mtm.org\\\/#\\\/schema\\\/logo\\\/image\\\/\",\"url\":\"https:\\\/\\\/blog.mtm.org\\\/wp-content\\\/uploads\\\/2022\\\/04\\\/logo_mtm.jpg\",\"contentUrl\":\"https:\\\/\\\/blog.mtm.org\\\/wp-content\\\/uploads\\\/2022\\\/04\\\/logo_mtm.jpg\",\"width\":400,\"height\":400,\"caption\":\"MTM ASSOCIATION e. V.\"},\"image\":{\"@id\":\"https:\\\/\\\/blog.mtm.org\\\/#\\\/schema\\\/logo\\\/image\\\/\"},\"sameAs\":[\"https:\\\/\\\/www.facebook.com\\\/mtm.org\",\"https:\\\/\\\/www.instagram.com\\\/mtmassociation\\\/\",\"https:\\\/\\\/www.linkedin.com\\\/company\\\/mtmassociation\\\/\",\"https:\\\/\\\/www.youtube.com\\\/user\\\/MTMtvPortal\",\"https:\\\/\\\/de.wikipedia.org\\\/wiki\\\/MTM_Association\"]},{\"@type\":\"Person\",\"@id\":\"https:\\\/\\\/blog.mtm.org\\\/#\\\/schema\\\/person\\\/3270a96dc52fab3f4fe516995965c5d2\",\"name\":\"Ina Klose-Hegewald\",\"image\":{\"@type\":\"ImageObject\",\"inLanguage\":\"de\",\"@id\":\"https:\\\/\\\/secure.gravatar.com\\\/avatar\\\/dfd02f481ac5a7017dde24d3cb4ee1f6d347b66b143b9074a8d1d97c52a5cd0c?s=96&d=mm&r=g\",\"url\":\"https:\\\/\\\/secure.gravatar.com\\\/avatar\\\/dfd02f481ac5a7017dde24d3cb4ee1f6d347b66b143b9074a8d1d97c52a5cd0c?s=96&d=mm&r=g\",\"contentUrl\":\"https:\\\/\\\/secure.gravatar.com\\\/avatar\\\/dfd02f481ac5a7017dde24d3cb4ee1f6d347b66b143b9074a8d1d97c52a5cd0c?s=96&d=mm&r=g\",\"caption\":\"Ina Klose-Hegewald\"},\"sameAs\":[\"http:\\\/\\\/blog.mtm.org\"]}]}<\/script>\n<!-- \/ Yoast SEO plugin. -->","yoast_head_json":{"title":"Herwig Weidle \u00fcbernimmt die Leitung des Gesch\u00e4ftsfelds Digitale L\u00f6sungen","robots":{"index":"index","follow":"follow","max-snippet":"max-snippet:-1","max-image-preview":"max-image-preview:large","max-video-preview":"max-video-preview:-1"},"canonical":"https:\/\/blog.mtm.org\/?p=4589","og_locale":"de_DE","og_type":"article","og_title":"Herwig Weidle \u00fcbernimmt die Leitung des Gesch\u00e4ftsfelds Digitale L\u00f6sungen","og_description":"On June 1, 2022, Herwig Weidle took over management of the Digital Solutions division of Deutsche MTM-Gesellschaft mbH. The previous head of software development succeeds Franz Coriand in his new position, who has reoriented himself professionally. We spoke to the 45-year-old about new tasks and personal goals.","og_url":"https:\/\/blog.mtm.org\/?p=4589&lang=en","og_site_name":"MTM ASSOCIATION e. V.","article_publisher":"https:\/\/www.facebook.com\/mtm.org","article_published_time":"2022-07-01T08:45:14+00:00","article_modified_time":"2022-07-06T13:36:11+00:00","og_image":[{"width":2560,"height":1282,"url":"https:\/\/blog.mtm.org\/wp-content\/uploads\/2022\/06\/digitalsolutions.jpg","type":"image\/jpeg"}],"author":"Ina Klose-Hegewald","twitter_card":"summary_large_image","twitter_misc":{"Verfasst von":"Ina Klose-Hegewald","Gesch\u00e4tzte Lesezeit":"3\u00a0Minuten"},"schema":{"@context":"https:\/\/schema.org","@graph":[{"@type":"Article","@id":"https:\/\/blog.mtm.org\/?p=4589&lang=en#article","isPartOf":{"@id":"https:\/\/blog.mtm.org\/?p=4589&lang=en"},"author":{"name":"Ina Klose-Hegewald","@id":"https:\/\/blog.mtm.org\/#\/schema\/person\/3270a96dc52fab3f4fe516995965c5d2"},"headline":"Herwig Weidle takes over management of the Digital Solutions division","datePublished":"2022-07-01T08:45:14+00:00","dateModified":"2022-07-06T13:36:11+00:00","mainEntityOfPage":{"@id":"https:\/\/blog.mtm.org\/?p=4589&lang=en"},"wordCount":637,"publisher":{"@id":"https:\/\/blog.mtm.org\/#organization"},"image":{"@id":"https:\/\/blog.mtm.org\/?p=4589&lang=en#primaryimage"},"thumbnailUrl":"https:\/\/blog.mtm.org\/wp-content\/uploads\/2022\/06\/digitalsolutions.jpg","keywords":["Digital Solutions","dmtm","industrial engineering","mtm","TiCon"],"articleSection":["News"],"inLanguage":"de"},{"@type":"WebPage","@id":"https:\/\/blog.mtm.org\/?p=4589&lang=en","url":"https:\/\/blog.mtm.org\/?p=4589&lang=en","name":"Herwig Weidle \u00fcbernimmt die Leitung des Gesch\u00e4ftsfelds Digitale L\u00f6sungen","isPartOf":{"@id":"https:\/\/blog.mtm.org\/#website"},"primaryImageOfPage":{"@id":"https:\/\/blog.mtm.org\/?p=4589&lang=en#primaryimage"},"image":{"@id":"https:\/\/blog.mtm.org\/?p=4589&lang=en#primaryimage"},"thumbnailUrl":"https:\/\/blog.mtm.org\/wp-content\/uploads\/2022\/06\/digitalsolutions.jpg","datePublished":"2022-07-01T08:45:14+00:00","dateModified":"2022-07-06T13:36:11+00:00","breadcrumb":{"@id":"https:\/\/blog.mtm.org\/?p=4589&lang=en#breadcrumb"},"inLanguage":"de","potentialAction":[{"@type":"ReadAction","target":["https:\/\/blog.mtm.org\/?p=4589&lang=en"]}]},{"@type":"ImageObject","inLanguage":"de","@id":"https:\/\/blog.mtm.org\/?p=4589&lang=en#primaryimage","url":"https:\/\/blog.mtm.org\/wp-content\/uploads\/2022\/06\/digitalsolutions.jpg","contentUrl":"https:\/\/blog.mtm.org\/wp-content\/uploads\/2022\/06\/digitalsolutions.jpg","width":2560,"height":1282},{"@type":"BreadcrumbList","@id":"https:\/\/blog.mtm.org\/?p=4589&lang=en#breadcrumb","itemListElement":[{"@type":"ListItem","position":1,"name":"Startseite","item":"https:\/\/blog.mtm.org\/"},{"@type":"ListItem","position":2,"name":"Herwig Weidle takes over management of the Digital Solutions division"}]},{"@type":"WebSite","@id":"https:\/\/blog.mtm.org\/#website","url":"https:\/\/blog.mtm.org\/","name":"MTM ASSOCIATION e. V.","description":"Blog","publisher":{"@id":"https:\/\/blog.mtm.org\/#organization"},"potentialAction":[{"@type":"SearchAction","target":{"@type":"EntryPoint","urlTemplate":"https:\/\/blog.mtm.org\/?s={search_term_string}"},"query-input":{"@type":"PropertyValueSpecification","valueRequired":true,"valueName":"search_term_string"}}],"inLanguage":"de"},{"@type":"Organization","@id":"https:\/\/blog.mtm.org\/#organization","name":"MTM ASSOCIATION e. V.","url":"https:\/\/blog.mtm.org\/","logo":{"@type":"ImageObject","inLanguage":"de","@id":"https:\/\/blog.mtm.org\/#\/schema\/logo\/image\/","url":"https:\/\/blog.mtm.org\/wp-content\/uploads\/2022\/04\/logo_mtm.jpg","contentUrl":"https:\/\/blog.mtm.org\/wp-content\/uploads\/2022\/04\/logo_mtm.jpg","width":400,"height":400,"caption":"MTM ASSOCIATION e. V."},"image":{"@id":"https:\/\/blog.mtm.org\/#\/schema\/logo\/image\/"},"sameAs":["https:\/\/www.facebook.com\/mtm.org","https:\/\/www.instagram.com\/mtmassociation\/","https:\/\/www.linkedin.com\/company\/mtmassociation\/","https:\/\/www.youtube.com\/user\/MTMtvPortal","https:\/\/de.wikipedia.org\/wiki\/MTM_Association"]},{"@type":"Person","@id":"https:\/\/blog.mtm.org\/#\/schema\/person\/3270a96dc52fab3f4fe516995965c5d2","name":"Ina Klose-Hegewald","image":{"@type":"ImageObject","inLanguage":"de","@id":"https:\/\/secure.gravatar.com\/avatar\/dfd02f481ac5a7017dde24d3cb4ee1f6d347b66b143b9074a8d1d97c52a5cd0c?s=96&d=mm&r=g","url":"https:\/\/secure.gravatar.com\/avatar\/dfd02f481ac5a7017dde24d3cb4ee1f6d347b66b143b9074a8d1d97c52a5cd0c?s=96&d=mm&r=g","contentUrl":"https:\/\/secure.gravatar.com\/avatar\/dfd02f481ac5a7017dde24d3cb4ee1f6d347b66b143b9074a8d1d97c52a5cd0c?s=96&d=mm&r=g","caption":"Ina Klose-Hegewald"},"sameAs":["http:\/\/blog.mtm.org"]}]}},"menu_order":0,"_links":{"self":[{"href":"https:\/\/blog.mtm.org\/index.php?rest_route=\/wp\/v2\/posts\/4589","targetHints":{"allow":["GET"]}}],"collection":[{"href":"https:\/\/blog.mtm.org\/index.php?rest_route=\/wp\/v2\/posts"}],"about":[{"href":"https:\/\/blog.mtm.org\/index.php?rest_route=\/wp\/v2\/types\/post"}],"author":[{"embeddable":true,"href":"https:\/\/blog.mtm.org\/index.php?rest_route=\/wp\/v2\/users\/5"}],"replies":[{"embeddable":true,"href":"https:\/\/blog.mtm.org\/index.php?rest_route=%2Fwp%2Fv2%2Fcomments&post=4589"}],"version-history":[{"count":16,"href":"https:\/\/blog.mtm.org\/index.php?rest_route=\/wp\/v2\/posts\/4589\/revisions"}],"predecessor-version":[{"id":4754,"href":"https:\/\/blog.mtm.org\/index.php?rest_route=\/wp\/v2\/posts\/4589\/revisions\/4754"}],"wp:featuredmedia":[{"embeddable":true,"href":"https:\/\/blog.mtm.org\/index.php?rest_route=\/wp\/v2\/media\/4573"}],"wp:attachment":[{"href":"https:\/\/blog.mtm.org\/index.php?rest_route=%2Fwp%2Fv2%2Fmedia&parent=4589"}],"wp:term":[{"taxonomy":"category","embeddable":true,"href":"https:\/\/blog.mtm.org\/index.php?rest_route=%2Fwp%2Fv2%2Fcategories&post=4589"},{"taxonomy":"post_tag","embeddable":true,"href":"https:\/\/blog.mtm.org\/index.php?rest_route=%2Fwp%2Fv2%2Ftags&post=4589"}],"curies":[{"name":"wp","href":"https:\/\/api.w.org\/{rel}","templated":true}]}}