{"id":4571,"date":"2022-06-30T16:40:42","date_gmt":"2022-06-30T14:40:42","guid":{"rendered":"https:\/\/blog.mtm.org\/?p=4571"},"modified":"2025-07-14T09:16:12","modified_gmt":"2025-07-14T07:16:12","slug":"herwig-weidle-uebernimmt-die-leitung-des-geschaeftsfelds-digitale-loesungen","status":"publish","type":"post","link":"https:\/\/blog.mtm.org\/?p=4571","title":{"rendered":"Herwig Weidle \u00fcbernimmt die Leitung des Gesch\u00e4ftsfelds Digitale L\u00f6sungen"},"content":{"rendered":"\t\t<div data-elementor-type=\"wp-post\" data-elementor-id=\"4571\" class=\"elementor elementor-4571\">\n\t\t\t\t\t\t<section class=\"elementor-section elementor-top-section elementor-element elementor-element-8c517ce elementor-section-boxed elementor-section-height-default elementor-section-height-default\" data-id=\"8c517ce\" data-element_type=\"section\" data-e-type=\"section\">\r\n\t\t\t\t\t\t<div class=\"elementor-container elementor-column-gap-thegem\"><div class=\"elementor-row\">\r\n\t\t\t\t\t<div class=\"elementor-column elementor-col-100 elementor-top-column elementor-element elementor-element-7519399\" data-id=\"7519399\" data-element_type=\"column\" data-e-type=\"column\">\n\t\t\t<div class=\"elementor-widget-wrap elementor-element-populated\">\n\t\t\t\t\t\t<div class=\"elementor-element elementor-element-2548c14 flex-horizontal-align-default flex-horizontal-align-tablet-default flex-horizontal-align-mobile-default flex-vertical-align-default flex-vertical-align-tablet-default flex-vertical-align-mobile-default elementor-widget elementor-widget-text-editor\" data-id=\"2548c14\" data-element_type=\"widget\" data-e-type=\"widget\" data-widget_type=\"text-editor.default\">\n\t\t\t\t<div class=\"elementor-widget-container\">\n\t\t\t\t\t\t\t\t\t\t\t\t<div class=\"elementor-text-editor elementor-clearfix\">\r\n\t\t\t\t\t\t<p><strong><span class=\"TextRun SCXW234381235 BCX9\" lang=\"EN-US\" xml:lang=\"EN-US\" data-contrast=\"auto\"><span class=\"NormalTextRun SCXW234381235 BCX9\" data-ccp-charstyle=\"Strong\">Herwig Weidle hat zum 1. <\/span><span class=\"NormalTextRun SCXW234381235 BCX9\" data-ccp-charstyle=\"Strong\">Juni<\/span><span class=\"NormalTextRun SCXW234381235 BCX9\" data-ccp-charstyle=\"Strong\"> 2022 die <\/span><span class=\"NormalTextRun SpellingErrorV2Themed SCXW234381235 BCX9\" data-ccp-charstyle=\"Strong\">Leitung<\/span><span class=\"NormalTextRun SCXW234381235 BCX9\" data-ccp-charstyle=\"Strong\"> des <\/span><span class=\"NormalTextRun SpellingErrorV2Themed SCXW234381235 BCX9\" data-ccp-charstyle=\"Strong\">Gesch\u00e4ftsfelds<\/span> <span class=\"NormalTextRun SpellingErrorV2Themed SCXW234381235 BCX9\" data-ccp-charstyle=\"Strong\">Digitale<\/span> <span class=\"NormalTextRun SpellingErrorV2Themed SCXW234381235 BCX9\" data-ccp-charstyle=\"Strong\">L\u00f6sungen<\/span> <span class=\"NormalTextRun SCXW234381235 BCX9\" data-ccp-charstyle=\"Strong\">der <\/span><span class=\"NormalTextRun SpellingErrorV2Themed SCXW234381235 BCX9\" data-ccp-charstyle=\"Strong\">Deutschen<\/span><span class=\"NormalTextRun SCXW234381235 BCX9\" data-ccp-charstyle=\"Strong\"> MTM-Gesellschaft <\/span><span class=\"NormalTextRun SpellingErrorV2Themed SCXW234381235 BCX9\" data-ccp-charstyle=\"Strong\">mbH<\/span> <span class=\"NormalTextRun SpellingErrorV2Themed SCXW234381235 BCX9\" data-ccp-charstyle=\"Strong\">\u00fcbernommen<\/span><span class=\"NormalTextRun SCXW234381235 BCX9\" data-ccp-charstyle=\"Strong\">. Der <\/span><span class=\"NormalTextRun SpellingErrorV2Themed SCXW234381235 BCX9\" data-ccp-charstyle=\"Strong\">bisherige<\/span><span class=\"NormalTextRun SCXW234381235 BCX9\" data-ccp-charstyle=\"Strong\"> Leiter <\/span><span class=\"NormalTextRun SpellingErrorV2Themed SCXW234381235 BCX9\" data-ccp-charstyle=\"Strong\">Softwareentwicklung<\/span> <span class=\"NormalTextRun SpellingErrorV2Themed SCXW234381235 BCX9\" data-ccp-charstyle=\"Strong\">folgt<\/span> <span class=\"NormalTextRun SCXW234381235 BCX9\" data-ccp-charstyle=\"Strong\">in seiner <\/span><span class=\"NormalTextRun SpellingErrorV2Themed SCXW234381235 BCX9\" data-ccp-charstyle=\"Strong\">neuen<\/span> <span class=\"NormalTextRun SpellingErrorV2Themed SCXW234381235 BCX9\" data-ccp-charstyle=\"Strong\">Funktion<\/span> <span class=\"NormalTextRun SCXW234381235 BCX9\" data-ccp-charstyle=\"Strong\">Franz Coriand <\/span><span class=\"NormalTextRun SpellingErrorV2Themed SCXW234381235 BCX9\" data-ccp-charstyle=\"Strong\">nach<\/span><span class=\"NormalTextRun SCXW234381235 BCX9\" data-ccp-charstyle=\"Strong\">, der <\/span><span class=\"NormalTextRun SpellingErrorV2Themed SCXW234381235 BCX9\" data-ccp-charstyle=\"Strong\">sich<\/span> <span class=\"NormalTextRun SpellingErrorV2Themed SCXW234381235 BCX9\" data-ccp-charstyle=\"Strong\">beruflich<\/span><span class=\"NormalTextRun SCXW234381235 BCX9\" data-ccp-charstyle=\"Strong\"> neu <\/span><span class=\"NormalTextRun SpellingErrorV2Themed SCXW234381235 BCX9\" data-ccp-charstyle=\"Strong\">orientiert<\/span><span class=\"NormalTextRun SCXW234381235 BCX9\" data-ccp-charstyle=\"Strong\"> hat. <\/span><span class=\"NormalTextRun SCXW234381235 BCX9\" data-ccp-charstyle=\"Strong\">Wir<\/span> <span class=\"NormalTextRun SpellingErrorV2Themed SCXW234381235 BCX9\" data-ccp-charstyle=\"Strong\">haben<\/span> <span class=\"NormalTextRun SpellingErrorV2Themed SCXW234381235 BCX9\" data-ccp-charstyle=\"Strong\">mit<\/span> <span class=\"NormalTextRun SCXW234381235 BCX9\" data-ccp-charstyle=\"Strong\">dem<\/span><span class=\"NormalTextRun SCXW234381235 BCX9\" data-ccp-charstyle=\"Strong\"> 45-J<\/span><span class=\"NormalTextRun SCXW234381235 BCX9\" data-ccp-charstyle=\"Strong\">\u00e4hrigen<\/span> <span class=\"NormalTextRun SpellingErrorV2Themed SCXW234381235 BCX9\" data-ccp-charstyle=\"Strong\">\u00fcber<\/span> <span class=\"NormalTextRun SpellingErrorV2Themed SCXW234381235 BCX9\" data-ccp-charstyle=\"Strong\">neue<\/span> <span class=\"NormalTextRun SpellingErrorV2Themed SCXW234381235 BCX9\" data-ccp-charstyle=\"Strong\">Aufgaben<\/span><span class=\"NormalTextRun SCXW234381235 BCX9\" data-ccp-charstyle=\"Strong\"> und <\/span><span class=\"NormalTextRun SpellingErrorV2Themed SCXW234381235 BCX9\" data-ccp-charstyle=\"Strong\">pers\u00f6nliche<\/span> <span class=\"NormalTextRun SCXW234381235 BCX9\" data-ccp-charstyle=\"Strong\">Ziele<\/span> <span class=\"NormalTextRun SpellingErrorV2Themed SCXW234381235 BCX9\" data-ccp-charstyle=\"Strong\">gesprochen<\/span><span class=\"NormalTextRun SCXW234381235 BCX9\" data-ccp-charstyle=\"Strong\">.<\/span><\/span><span class=\"LineBreakBlob BlobObject DragDrop SCXW234381235 BCX9\"><span class=\"SCXW234381235 BCX9\">\u00a0<\/span><br class=\"SCXW234381235 BCX9\" \/><\/span><\/strong><\/p>\t\t\t\t\t\t\t<\/div>\r\n\t\t\t\t\t\t\t\t\t\t<\/div>\n\t\t\t\t<\/div>\n\t\t\t\t\t<\/div>\n\t\t<\/div>\n\t\t\t\t\t<\/div><\/div>\r\n\t\t<\/section>\r\n\t\t\t\t<section class=\"elementor-section elementor-top-section elementor-element elementor-element-9c8d2e3 elementor-section-boxed elementor-section-height-default elementor-section-height-default\" data-id=\"9c8d2e3\" data-element_type=\"section\" data-e-type=\"section\">\r\n\t\t\t\t\t\t<div class=\"elementor-container elementor-column-gap-thegem\"><div class=\"elementor-row\">\r\n\t\t\t\t\t<div class=\"elementor-column elementor-col-50 elementor-top-column elementor-element elementor-element-97de168\" data-id=\"97de168\" data-element_type=\"column\" data-e-type=\"column\">\n\t\t\t<div class=\"elementor-widget-wrap elementor-element-populated\">\n\t\t\t\t\t\t<div class=\"elementor-element elementor-element-7702b53 flex-horizontal-align-default flex-horizontal-align-tablet-default flex-horizontal-align-mobile-default flex-vertical-align-default flex-vertical-align-tablet-default flex-vertical-align-mobile-default elementor-widget elementor-widget-text-editor\" data-id=\"7702b53\" data-element_type=\"widget\" data-e-type=\"widget\" data-widget_type=\"text-editor.default\">\n\t\t\t\t<div class=\"elementor-widget-container\">\n\t\t\t\t\t\t\t\t\t\t\t\t<div class=\"elementor-text-editor elementor-clearfix\">\r\n\t\t\t\t\t\t<p><b><i><span data-contrast=\"auto\">Herwig, du kommst aus der klassischen Entwickler-Ecke und verantwortest nun das gesamte Gesch\u00e4ftsfeld Digitale L\u00f6sungen, inklusive Vertrieb und Strategie. Was bedeutet das f\u00fcr dich?<\/span><\/i><span data-ccp-props=\"{&quot;201341983&quot;:1,&quot;335559739&quot;:0,&quot;335559740&quot;:260}\">\u00a0<\/span><\/b><\/p><p><span data-contrast=\"auto\">In erster Linie eine spannende Herausforderung. Ich habe Respekt vor der Aufgabe, aber keine Scheu sie anzugehen. Als Leiter Softwareentwicklung und Mitglied des Board of Directors der MTM ASSOCIATION e. V. war ich immer nah dran am Geschehen, war auch bei vielen Kundenterminen dabei und konnte so von den Erfahrungen vieler engagierter Kollegen lernen.\u00a0<\/span><span data-ccp-props=\"{&quot;201341983&quot;:1,&quot;335559739&quot;:0,&quot;335559740&quot;:260}\">\u00a0<\/span><\/p><p><b><i><span data-contrast=\"auto\">Wie gehst Du es an? <\/span><\/i>\u00a0<br \/><\/b><span data-contrast=\"auto\">Bew\u00e4hrtes weiterentwickeln, neue Impulse setzen und meine individuelle Sichtweise einbringen \u2013 dieser Dreiklang wird mein Handeln bestimmen.\u00a0<\/span><span data-ccp-props=\"{&quot;201341983&quot;:1,&quot;335559739&quot;:0,&quot;335559740&quot;:260}\">\u00a0<\/span><\/p><p><span data-ccp-props=\"{&quot;201341983&quot;:1,&quot;335559739&quot;:0,&quot;335559740&quot;:260}\">\u00a0<\/span><\/p>\t\t\t\t\t\t\t<\/div>\r\n\t\t\t\t\t\t\t\t\t\t<\/div>\n\t\t\t\t<\/div>\n\t\t\t\t\t<\/div>\n\t\t<\/div>\n\t\t\t\t<div class=\"elementor-column elementor-col-50 elementor-top-column elementor-element elementor-element-08bbcc0\" data-id=\"08bbcc0\" data-element_type=\"column\" data-e-type=\"column\">\n\t\t\t<div class=\"elementor-widget-wrap elementor-element-populated\">\n\t\t\t\t\t\t<div class=\"elementor-element elementor-element-b8832f3 flex-horizontal-align-default flex-horizontal-align-tablet-default flex-horizontal-align-mobile-default flex-vertical-align-default flex-vertical-align-tablet-default flex-vertical-align-mobile-default elementor-widget elementor-widget-image\" data-id=\"b8832f3\" data-element_type=\"widget\" data-e-type=\"widget\" data-widget_type=\"image.default\">\n\t\t\t\t<div class=\"elementor-widget-container\">\n\t\t\t\t\t\t\t\t\t\t\t\t<figure class=\"wp-caption\">\n\t\t\t\t\t\t\t\t\t\t<img width=\"1024\" height=\"630\" src=\"https:\/\/blog.mtm.org\/wp-content\/uploads\/2022\/07\/herwigmtm-1024x630.jpg\" class=\"attachment-large size-large wp-image-4750\" alt=\"\" srcset=\"https:\/\/blog.mtm.org\/wp-content\/uploads\/2022\/07\/herwigmtm-1024x630.jpg 1024w, https:\/\/blog.mtm.org\/wp-content\/uploads\/2022\/07\/herwigmtm-300x185.jpg 300w, https:\/\/blog.mtm.org\/wp-content\/uploads\/2022\/07\/herwigmtm-768x472.jpg 768w, https:\/\/blog.mtm.org\/wp-content\/uploads\/2022\/07\/herwigmtm-1536x945.jpg 1536w, https:\/\/blog.mtm.org\/wp-content\/uploads\/2022\/07\/herwigmtm-2048x1260.jpg 2048w\" sizes=\"(max-width: 1024px) 100vw, 1024px\" \/>\t\t\t\t\t\t\t\t\t\t\t<figcaption class=\"widget-image-caption wp-caption-text\">Das F\u00fchrungstrio der MTM ASSOCIATION e. V. (von links): Herwig Weidle, Gesch\u00e4ftsfeldleiter Digitale L\u00f6sungen, Prof. Dr. Peter Kuhlang, CEO, und Ralf L. Jaehnke, Gesch\u00e4ftsfeldleiter Beratung der Deutschen MTM-Gesellschaft mbH<\/figcaption>\n\t\t\t\t\t\t\t\t\t\t<\/figure>\n\t\t\t\t\t\t\t\t\t<\/div>\n\t\t\t\t<\/div>\n\t\t\t\t\t<\/div>\n\t\t<\/div>\n\t\t\t\t\t<\/div><\/div>\r\n\t\t<\/section>\r\n\t\t\t\t<section class=\"elementor-section elementor-top-section elementor-element elementor-element-862eb78 elementor-section-boxed elementor-section-height-default elementor-section-height-default\" data-id=\"862eb78\" data-element_type=\"section\" data-e-type=\"section\">\r\n\t\t\t\t\t\t<div class=\"elementor-container elementor-column-gap-thegem\"><div class=\"elementor-row\">\r\n\t\t\t\t\t<div class=\"elementor-column elementor-col-100 elementor-top-column elementor-element elementor-element-23c85ba\" data-id=\"23c85ba\" data-element_type=\"column\" data-e-type=\"column\">\n\t\t\t<div class=\"elementor-widget-wrap elementor-element-populated\">\n\t\t\t\t\t\t<div class=\"elementor-element elementor-element-8f71c3d flex-horizontal-align-default flex-horizontal-align-tablet-default flex-horizontal-align-mobile-default flex-vertical-align-default flex-vertical-align-tablet-default flex-vertical-align-mobile-default elementor-widget elementor-widget-text-editor\" data-id=\"8f71c3d\" data-element_type=\"widget\" data-e-type=\"widget\" data-widget_type=\"text-editor.default\">\n\t\t\t\t<div class=\"elementor-widget-container\">\n\t\t\t\t\t\t\t\t\t\t\t\t<div class=\"elementor-text-editor elementor-clearfix\">\r\n\t\t\t\t\t\t<p><b><i><span data-contrast=\"auto\">Ist der Entwickler in dir da f\u00f6rderlich?<\/span><\/i><br \/><\/b><span data-contrast=\"auto\">Auf jeden Fall.\u00a0<\/span><span data-contrast=\"auto\">Als Entwickler habe ich mich st\u00e4ndig mit Innovation besch\u00e4ftigt \u2013 und kenne die mit der Softwareentwicklung verbundene strukturierte, l\u00f6sungsorientierte Arbeitsweise. Ich bin auch bereit mal ganz neue Dinge zu wagen. In der neuen Funktion kann ich diese Erfahrungen auf die neuen Aufgabenfelder \u00fcbertragen.<\/span><\/p><p><b><i><span data-contrast=\"auto\">Welche Themen willst du als Leiter des Gesch\u00e4ftsfelds Digitale L\u00f6sungen voranbringen?<\/span><\/i><br \/><\/b><span data-contrast=\"auto\">Grunds\u00e4tzlich sehe ich f\u00fcr unser Hauptprodukt TiCon als Standardsoftware f\u00fcr die MTM-Anwendung noch gro\u00dfes Markt-Potenzial. Auf Vertriebsseite stehen f\u00fcr mich der digitale Vertrieb, das Social Selling und der Aufbau eines l\u00f6sungsorientierten Angebots im Vordergrund.\u00a0 Auf die Teamleiter in der Softwareentwicklung kann ich mich verlassen. Sie \u00fcbernehmen jetzt mehr Verantwortung und halten mir so den R\u00fccken frei.<\/span><\/p><p><b><i><span data-contrast=\"auto\">Gibt es weitere Aufgaben, die auf deiner To do-Liste weit oben stehen?<\/span><\/i><br \/><\/b><span data-contrast=\"auto\">Wichtig ist mir das Thema Kundenzufriedenheit und da besonders die Zufriedenheit unserer Wartungskunden, also der Unternehmen, die mit einem Produkt aus dem Softwarehaus Dresden arbeiten. Noch in diesem Jahr ist eine Umfrage zu den Themen Produkt- und Servicequalit\u00e4t geplant.<\/span><\/p><p><b><i><span data-contrast=\"auto\">Cloud first, hei\u00dft es bereits bei vielen Softwareherstellern \u2013 auch bei der Deutschen MTM-Gesellschaft mbH?\u00a0<\/span><\/i><br \/><\/b><span data-contrast=\"auto\">Ich sage mal so: Wir haben die Cloud fest im Blick. TiCon f\u00fcr SAP, die Softwarel\u00f6sung zur Erfassung, Verwaltung und Weiterverarbeitung von Zeitdaten direkt in SAP, ist bei einer Vielzahl von Unternehmen in der Automobilbranche, in Elektroindustrie, Maschinen- und Flugzeugbau erfolgreich im Einsatz<\/span><b><span data-contrast=\"none\">.<\/span><\/b>\u00a0<span data-contrast=\"auto\">Im Programm &#8222;Co-Innovated with SAP&#8220; arbeiten wir als zertifizierter SAP Silver Partner mit den besten Experten und Technologien der Branche<\/span><b><span data-contrast=\"auto\">\u202f<\/span><\/b><span data-contrast=\"auto\">an einer neuen TiCon-L\u00f6sung f\u00fcr die S\/4HANA-Cloud.\u00a0<\/span><span data-ccp-props=\"{\">\u00a0<\/span><\/p><p><b><i><span data-contrast=\"auto\">Und wie sieht es mit der Entwicklung weiterer Cloud-Produkte aus?\u00a0<\/span><\/i><br \/><\/b><span data-contrast=\"auto\">Den ersten Aufschlag haben wir mit\u00a0<\/span><span data-contrast=\"auto\"><a href=\"http:\/\/mtm-easy.com\" target=\"_blank\" rel=\"noopener\">MTM-Easy<sup>\u00ae<\/sup><\/a>\u00a0gemacht, der cloudbasierten Softwarel\u00f6sung zur Ermittlung von Benchmarkzeiten. Deren Vorteile liegen auf der Hand: flexible Anwendung mobil oder am Desktop, verl\u00e4ssliche Zeitdaten als sachliche Entscheidungshilfe \u2013 und das alles ohne Ausbildung und Softwareinstallation, einfach und bequem in der Cloud. Im Herbst dieses Jahres kommt unser zweites Cloud-Produkt auf den Markt: <strong>TiCon for Web<\/strong>.\u00a0<\/span><span data-contrast=\"auto\">Hierbei handelt es sich um eine SaaS-L\u00f6sung, bei der wir wie bei\u00a0<\/span><span data-contrast=\"auto\"><a href=\"http:\/\/mtm-easy.com\" target=\"_blank\" rel=\"noopener\">MTM-Easy<sup>\u00ae<\/sup><\/a>\u00a0auch den Betrieb der Software f\u00fcr den Kunden \u00fcbernehmen. Die L\u00f6sung ist so konzipiert, dass sie sich auf die wesentlichen TiCon-Funktionalit\u00e4ten beschr\u00e4nkt und leicht in andere Planungssysteme integriert werden kann.\u00a0<\/span><span data-contrast=\"auto\">Derzeit wird das Produkt von ausgew\u00e4hlten Pilotkunden getestet. <\/span><span data-contrast=\"auto\">Der offizielle Startschuss f\u00e4llt dann beim <a href=\"http:\/\/summit.mtm.org\"><b>MTM SUMMIT 2022<\/b><\/a> \u2013 sollte man nicht verpassen!<\/span><\/p>\t\t\t\t\t\t\t<\/div>\r\n\t\t\t\t\t\t\t\t\t\t<\/div>\n\t\t\t\t<\/div>\n\t\t\t\t\t<\/div>\n\t\t<\/div>\n\t\t\t\t\t<\/div><\/div>\r\n\t\t<\/section>\r\n\t\t\t\t<\/div>\n\t\t","protected":false},"excerpt":{"rendered":"<p>Herwig Weidle hat zum 1. Juni 2022 die Leitung des Gesch\u00e4ftsfelds Digitale L\u00f6sungen der Deutschen MTM-Gesellschaft mbH \u00fcbernommen. Der bisherige Leiter Softwareentwicklung folgt in seiner neuen Funktion Franz Coriand nach, der sich beruflich neu orientiert hat. Wir haben mit dem 45-J\u00e4hrigen \u00fcber neue Aufgaben und pers\u00f6nliche Ziele gesprochen. <\/p>\n","protected":false},"author":5,"featured_media":4572,"comment_status":"closed","ping_status":"closed","sticky":false,"template":"single-fullwidth.php","format":"standard","meta":{"footnotes":""},"categories":[1],"tags":[688,554,565,208,194,501,663,687,439],"class_list":{"0":"post-4571","1":"post","2":"type-post","3":"status-publish","4":"format-standard","5":"has-post-thumbnail","7":"category-news","8":"tag-cloud-produkt","9":"tag-digital-solutions","10":"tag-dmtm","11":"tag-industrial-engineering","12":"tag-mtm","13":"tag-mtm-easy-2","14":"tag-saas-loesung","15":"tag-standardsoftware","16":"tag-ticon-2"},"yoast_head":"<!-- This site is optimized with the Yoast SEO plugin v27.4 - https:\/\/yoast.com\/product\/yoast-seo-wordpress\/ -->\n<title>Herwig Weidle \u00fcbernimmt die Leitung des Gesch\u00e4ftsfelds Digitale L\u00f6sungen<\/title>\n<meta name=\"description\" content=\"Herwig Weidle hat zum 1. Juni 2022 die Leitung des Gesch\u00e4ftsfelds Digitale L\u00f6sungen der Deutschen MTM-Gesellschaft mbH \u00fcbernommen.\" \/>\n<meta name=\"robots\" content=\"index, follow, max-snippet:-1, max-image-preview:large, max-video-preview:-1\" \/>\n<link rel=\"canonical\" href=\"https:\/\/blog.mtm.org\/?p=4571\" \/>\n<meta property=\"og:locale\" content=\"de_DE\" \/>\n<meta property=\"og:type\" content=\"article\" \/>\n<meta property=\"og:title\" content=\"Herwig Weidle \u00fcbernimmt die Leitung des Gesch\u00e4ftsfelds Digitale L\u00f6sungen\" \/>\n<meta property=\"og:description\" content=\"Herwig Weidle hat zum 1. Juni 2022 die Leitung des Gesch\u00e4ftsfelds Digitale L\u00f6sungen der Deutschen MTM-Gesellschaft mbH \u00fcbernommen.\" \/>\n<meta property=\"og:url\" content=\"https:\/\/blog.mtm.org\/?p=4571\" \/>\n<meta property=\"og:site_name\" content=\"MTM ASSOCIATION e. V.\" \/>\n<meta property=\"article:publisher\" content=\"https:\/\/www.facebook.com\/mtm.org\" \/>\n<meta property=\"article:published_time\" content=\"2022-06-30T14:40:42+00:00\" \/>\n<meta property=\"article:modified_time\" content=\"2025-07-14T07:16:12+00:00\" \/>\n<meta property=\"og:image\" content=\"https:\/\/blog.mtm.org\/wp-content\/uploads\/2022\/06\/digitalsolutions.jpg\" \/>\n\t<meta property=\"og:image:width\" content=\"2560\" \/>\n\t<meta property=\"og:image:height\" content=\"1282\" \/>\n\t<meta property=\"og:image:type\" content=\"image\/jpeg\" \/>\n<meta name=\"author\" content=\"Ina Klose-Hegewald\" \/>\n<meta name=\"twitter:card\" content=\"summary_large_image\" \/>\n<meta name=\"twitter:label1\" content=\"Verfasst von\" \/>\n\t<meta name=\"twitter:data1\" content=\"Ina Klose-Hegewald\" \/>\n\t<meta name=\"twitter:label2\" content=\"Gesch\u00e4tzte Lesezeit\" \/>\n\t<meta name=\"twitter:data2\" content=\"4\u00a0Minuten\" \/>\n<script type=\"application\/ld+json\" class=\"yoast-schema-graph\">{\"@context\":\"https:\\\/\\\/schema.org\",\"@graph\":[{\"@type\":\"Article\",\"@id\":\"https:\\\/\\\/blog.mtm.org\\\/?p=4571#article\",\"isPartOf\":{\"@id\":\"https:\\\/\\\/blog.mtm.org\\\/?p=4571\"},\"author\":{\"name\":\"Ina Klose-Hegewald\",\"@id\":\"https:\\\/\\\/blog.mtm.org\\\/#\\\/schema\\\/person\\\/3270a96dc52fab3f4fe516995965c5d2\"},\"headline\":\"Herwig Weidle \u00fcbernimmt die Leitung des Gesch\u00e4ftsfelds Digitale L\u00f6sungen\",\"datePublished\":\"2022-06-30T14:40:42+00:00\",\"dateModified\":\"2025-07-14T07:16:12+00:00\",\"mainEntityOfPage\":{\"@id\":\"https:\\\/\\\/blog.mtm.org\\\/?p=4571\"},\"wordCount\":632,\"publisher\":{\"@id\":\"https:\\\/\\\/blog.mtm.org\\\/#organization\"},\"image\":{\"@id\":\"https:\\\/\\\/blog.mtm.org\\\/?p=4571#primaryimage\"},\"thumbnailUrl\":\"https:\\\/\\\/blog.mtm.org\\\/wp-content\\\/uploads\\\/2022\\\/06\\\/digitalsolutions.jpg\",\"keywords\":[\"cloud produkt\",\"Digital Solutions\",\"dmtm\",\"industrial engineering\",\"mtm\",\"mtm easy\",\"saas l\u00f6sung\",\"standardsoftware\",\"TiCon\"],\"articleSection\":[\"News\"],\"inLanguage\":\"de\"},{\"@type\":\"WebPage\",\"@id\":\"https:\\\/\\\/blog.mtm.org\\\/?p=4571\",\"url\":\"https:\\\/\\\/blog.mtm.org\\\/?p=4571\",\"name\":\"Herwig Weidle \u00fcbernimmt die Leitung des Gesch\u00e4ftsfelds Digitale L\u00f6sungen\",\"isPartOf\":{\"@id\":\"https:\\\/\\\/blog.mtm.org\\\/#website\"},\"primaryImageOfPage\":{\"@id\":\"https:\\\/\\\/blog.mtm.org\\\/?p=4571#primaryimage\"},\"image\":{\"@id\":\"https:\\\/\\\/blog.mtm.org\\\/?p=4571#primaryimage\"},\"thumbnailUrl\":\"https:\\\/\\\/blog.mtm.org\\\/wp-content\\\/uploads\\\/2022\\\/06\\\/digitalsolutions.jpg\",\"datePublished\":\"2022-06-30T14:40:42+00:00\",\"dateModified\":\"2025-07-14T07:16:12+00:00\",\"description\":\"Herwig Weidle hat zum 1. Juni 2022 die Leitung des Gesch\u00e4ftsfelds Digitale L\u00f6sungen der Deutschen MTM-Gesellschaft mbH \u00fcbernommen.\",\"breadcrumb\":{\"@id\":\"https:\\\/\\\/blog.mtm.org\\\/?p=4571#breadcrumb\"},\"inLanguage\":\"de\",\"potentialAction\":[{\"@type\":\"ReadAction\",\"target\":[\"https:\\\/\\\/blog.mtm.org\\\/?p=4571\"]}]},{\"@type\":\"ImageObject\",\"inLanguage\":\"de\",\"@id\":\"https:\\\/\\\/blog.mtm.org\\\/?p=4571#primaryimage\",\"url\":\"https:\\\/\\\/blog.mtm.org\\\/wp-content\\\/uploads\\\/2022\\\/06\\\/digitalsolutions.jpg\",\"contentUrl\":\"https:\\\/\\\/blog.mtm.org\\\/wp-content\\\/uploads\\\/2022\\\/06\\\/digitalsolutions.jpg\",\"width\":2560,\"height\":1282},{\"@type\":\"BreadcrumbList\",\"@id\":\"https:\\\/\\\/blog.mtm.org\\\/?p=4571#breadcrumb\",\"itemListElement\":[{\"@type\":\"ListItem\",\"position\":1,\"name\":\"Startseite\",\"item\":\"https:\\\/\\\/blog.mtm.org\\\/\"},{\"@type\":\"ListItem\",\"position\":2,\"name\":\"Herwig Weidle \u00fcbernimmt die Leitung des Gesch\u00e4ftsfelds Digitale L\u00f6sungen\"}]},{\"@type\":\"WebSite\",\"@id\":\"https:\\\/\\\/blog.mtm.org\\\/#website\",\"url\":\"https:\\\/\\\/blog.mtm.org\\\/\",\"name\":\"MTM ASSOCIATION e. V.\",\"description\":\"Blog\",\"publisher\":{\"@id\":\"https:\\\/\\\/blog.mtm.org\\\/#organization\"},\"potentialAction\":[{\"@type\":\"SearchAction\",\"target\":{\"@type\":\"EntryPoint\",\"urlTemplate\":\"https:\\\/\\\/blog.mtm.org\\\/?s={search_term_string}\"},\"query-input\":{\"@type\":\"PropertyValueSpecification\",\"valueRequired\":true,\"valueName\":\"search_term_string\"}}],\"inLanguage\":\"de\"},{\"@type\":\"Organization\",\"@id\":\"https:\\\/\\\/blog.mtm.org\\\/#organization\",\"name\":\"MTM ASSOCIATION e. V.\",\"url\":\"https:\\\/\\\/blog.mtm.org\\\/\",\"logo\":{\"@type\":\"ImageObject\",\"inLanguage\":\"de\",\"@id\":\"https:\\\/\\\/blog.mtm.org\\\/#\\\/schema\\\/logo\\\/image\\\/\",\"url\":\"https:\\\/\\\/blog.mtm.org\\\/wp-content\\\/uploads\\\/2022\\\/04\\\/logo_mtm.jpg\",\"contentUrl\":\"https:\\\/\\\/blog.mtm.org\\\/wp-content\\\/uploads\\\/2022\\\/04\\\/logo_mtm.jpg\",\"width\":400,\"height\":400,\"caption\":\"MTM ASSOCIATION e. V.\"},\"image\":{\"@id\":\"https:\\\/\\\/blog.mtm.org\\\/#\\\/schema\\\/logo\\\/image\\\/\"},\"sameAs\":[\"https:\\\/\\\/www.facebook.com\\\/mtm.org\",\"https:\\\/\\\/www.instagram.com\\\/mtmassociation\\\/\",\"https:\\\/\\\/www.linkedin.com\\\/company\\\/mtmassociation\\\/\",\"https:\\\/\\\/www.youtube.com\\\/user\\\/MTMtvPortal\",\"https:\\\/\\\/de.wikipedia.org\\\/wiki\\\/MTM_Association\"]},{\"@type\":\"Person\",\"@id\":\"https:\\\/\\\/blog.mtm.org\\\/#\\\/schema\\\/person\\\/3270a96dc52fab3f4fe516995965c5d2\",\"name\":\"Ina Klose-Hegewald\",\"image\":{\"@type\":\"ImageObject\",\"inLanguage\":\"de\",\"@id\":\"https:\\\/\\\/secure.gravatar.com\\\/avatar\\\/dfd02f481ac5a7017dde24d3cb4ee1f6d347b66b143b9074a8d1d97c52a5cd0c?s=96&d=mm&r=g\",\"url\":\"https:\\\/\\\/secure.gravatar.com\\\/avatar\\\/dfd02f481ac5a7017dde24d3cb4ee1f6d347b66b143b9074a8d1d97c52a5cd0c?s=96&d=mm&r=g\",\"contentUrl\":\"https:\\\/\\\/secure.gravatar.com\\\/avatar\\\/dfd02f481ac5a7017dde24d3cb4ee1f6d347b66b143b9074a8d1d97c52a5cd0c?s=96&d=mm&r=g\",\"caption\":\"Ina Klose-Hegewald\"},\"sameAs\":[\"http:\\\/\\\/blog.mtm.org\"]}]}<\/script>\n<!-- \/ Yoast SEO plugin. -->","yoast_head_json":{"title":"Herwig Weidle \u00fcbernimmt die Leitung des Gesch\u00e4ftsfelds Digitale L\u00f6sungen","description":"Herwig Weidle hat zum 1. Juni 2022 die Leitung des Gesch\u00e4ftsfelds Digitale L\u00f6sungen der Deutschen MTM-Gesellschaft mbH \u00fcbernommen.","robots":{"index":"index","follow":"follow","max-snippet":"max-snippet:-1","max-image-preview":"max-image-preview:large","max-video-preview":"max-video-preview:-1"},"canonical":"https:\/\/blog.mtm.org\/?p=4571","og_locale":"de_DE","og_type":"article","og_title":"Herwig Weidle \u00fcbernimmt die Leitung des Gesch\u00e4ftsfelds Digitale L\u00f6sungen","og_description":"Herwig Weidle hat zum 1. Juni 2022 die Leitung des Gesch\u00e4ftsfelds Digitale L\u00f6sungen der Deutschen MTM-Gesellschaft mbH \u00fcbernommen.","og_url":"https:\/\/blog.mtm.org\/?p=4571","og_site_name":"MTM ASSOCIATION e. V.","article_publisher":"https:\/\/www.facebook.com\/mtm.org","article_published_time":"2022-06-30T14:40:42+00:00","article_modified_time":"2025-07-14T07:16:12+00:00","og_image":[{"width":2560,"height":1282,"url":"https:\/\/blog.mtm.org\/wp-content\/uploads\/2022\/06\/digitalsolutions.jpg","type":"image\/jpeg"}],"author":"Ina Klose-Hegewald","twitter_card":"summary_large_image","twitter_misc":{"Verfasst von":"Ina Klose-Hegewald","Gesch\u00e4tzte Lesezeit":"4\u00a0Minuten"},"schema":{"@context":"https:\/\/schema.org","@graph":[{"@type":"Article","@id":"https:\/\/blog.mtm.org\/?p=4571#article","isPartOf":{"@id":"https:\/\/blog.mtm.org\/?p=4571"},"author":{"name":"Ina Klose-Hegewald","@id":"https:\/\/blog.mtm.org\/#\/schema\/person\/3270a96dc52fab3f4fe516995965c5d2"},"headline":"Herwig Weidle \u00fcbernimmt die Leitung des Gesch\u00e4ftsfelds Digitale L\u00f6sungen","datePublished":"2022-06-30T14:40:42+00:00","dateModified":"2025-07-14T07:16:12+00:00","mainEntityOfPage":{"@id":"https:\/\/blog.mtm.org\/?p=4571"},"wordCount":632,"publisher":{"@id":"https:\/\/blog.mtm.org\/#organization"},"image":{"@id":"https:\/\/blog.mtm.org\/?p=4571#primaryimage"},"thumbnailUrl":"https:\/\/blog.mtm.org\/wp-content\/uploads\/2022\/06\/digitalsolutions.jpg","keywords":["cloud produkt","Digital Solutions","dmtm","industrial engineering","mtm","mtm easy","saas l\u00f6sung","standardsoftware","TiCon"],"articleSection":["News"],"inLanguage":"de"},{"@type":"WebPage","@id":"https:\/\/blog.mtm.org\/?p=4571","url":"https:\/\/blog.mtm.org\/?p=4571","name":"Herwig Weidle \u00fcbernimmt die Leitung des Gesch\u00e4ftsfelds Digitale L\u00f6sungen","isPartOf":{"@id":"https:\/\/blog.mtm.org\/#website"},"primaryImageOfPage":{"@id":"https:\/\/blog.mtm.org\/?p=4571#primaryimage"},"image":{"@id":"https:\/\/blog.mtm.org\/?p=4571#primaryimage"},"thumbnailUrl":"https:\/\/blog.mtm.org\/wp-content\/uploads\/2022\/06\/digitalsolutions.jpg","datePublished":"2022-06-30T14:40:42+00:00","dateModified":"2025-07-14T07:16:12+00:00","description":"Herwig Weidle hat zum 1. Juni 2022 die Leitung des Gesch\u00e4ftsfelds Digitale L\u00f6sungen der Deutschen MTM-Gesellschaft mbH \u00fcbernommen.","breadcrumb":{"@id":"https:\/\/blog.mtm.org\/?p=4571#breadcrumb"},"inLanguage":"de","potentialAction":[{"@type":"ReadAction","target":["https:\/\/blog.mtm.org\/?p=4571"]}]},{"@type":"ImageObject","inLanguage":"de","@id":"https:\/\/blog.mtm.org\/?p=4571#primaryimage","url":"https:\/\/blog.mtm.org\/wp-content\/uploads\/2022\/06\/digitalsolutions.jpg","contentUrl":"https:\/\/blog.mtm.org\/wp-content\/uploads\/2022\/06\/digitalsolutions.jpg","width":2560,"height":1282},{"@type":"BreadcrumbList","@id":"https:\/\/blog.mtm.org\/?p=4571#breadcrumb","itemListElement":[{"@type":"ListItem","position":1,"name":"Startseite","item":"https:\/\/blog.mtm.org\/"},{"@type":"ListItem","position":2,"name":"Herwig Weidle \u00fcbernimmt die Leitung des Gesch\u00e4ftsfelds Digitale L\u00f6sungen"}]},{"@type":"WebSite","@id":"https:\/\/blog.mtm.org\/#website","url":"https:\/\/blog.mtm.org\/","name":"MTM ASSOCIATION e. V.","description":"Blog","publisher":{"@id":"https:\/\/blog.mtm.org\/#organization"},"potentialAction":[{"@type":"SearchAction","target":{"@type":"EntryPoint","urlTemplate":"https:\/\/blog.mtm.org\/?s={search_term_string}"},"query-input":{"@type":"PropertyValueSpecification","valueRequired":true,"valueName":"search_term_string"}}],"inLanguage":"de"},{"@type":"Organization","@id":"https:\/\/blog.mtm.org\/#organization","name":"MTM ASSOCIATION e. V.","url":"https:\/\/blog.mtm.org\/","logo":{"@type":"ImageObject","inLanguage":"de","@id":"https:\/\/blog.mtm.org\/#\/schema\/logo\/image\/","url":"https:\/\/blog.mtm.org\/wp-content\/uploads\/2022\/04\/logo_mtm.jpg","contentUrl":"https:\/\/blog.mtm.org\/wp-content\/uploads\/2022\/04\/logo_mtm.jpg","width":400,"height":400,"caption":"MTM ASSOCIATION e. V."},"image":{"@id":"https:\/\/blog.mtm.org\/#\/schema\/logo\/image\/"},"sameAs":["https:\/\/www.facebook.com\/mtm.org","https:\/\/www.instagram.com\/mtmassociation\/","https:\/\/www.linkedin.com\/company\/mtmassociation\/","https:\/\/www.youtube.com\/user\/MTMtvPortal","https:\/\/de.wikipedia.org\/wiki\/MTM_Association"]},{"@type":"Person","@id":"https:\/\/blog.mtm.org\/#\/schema\/person\/3270a96dc52fab3f4fe516995965c5d2","name":"Ina Klose-Hegewald","image":{"@type":"ImageObject","inLanguage":"de","@id":"https:\/\/secure.gravatar.com\/avatar\/dfd02f481ac5a7017dde24d3cb4ee1f6d347b66b143b9074a8d1d97c52a5cd0c?s=96&d=mm&r=g","url":"https:\/\/secure.gravatar.com\/avatar\/dfd02f481ac5a7017dde24d3cb4ee1f6d347b66b143b9074a8d1d97c52a5cd0c?s=96&d=mm&r=g","contentUrl":"https:\/\/secure.gravatar.com\/avatar\/dfd02f481ac5a7017dde24d3cb4ee1f6d347b66b143b9074a8d1d97c52a5cd0c?s=96&d=mm&r=g","caption":"Ina Klose-Hegewald"},"sameAs":["http:\/\/blog.mtm.org"]}]}},"menu_order":0,"_links":{"self":[{"href":"https:\/\/blog.mtm.org\/index.php?rest_route=\/wp\/v2\/posts\/4571","targetHints":{"allow":["GET"]}}],"collection":[{"href":"https:\/\/blog.mtm.org\/index.php?rest_route=\/wp\/v2\/posts"}],"about":[{"href":"https:\/\/blog.mtm.org\/index.php?rest_route=\/wp\/v2\/types\/post"}],"author":[{"embeddable":true,"href":"https:\/\/blog.mtm.org\/index.php?rest_route=\/wp\/v2\/users\/5"}],"replies":[{"embeddable":true,"href":"https:\/\/blog.mtm.org\/index.php?rest_route=%2Fwp%2Fv2%2Fcomments&post=4571"}],"version-history":[{"count":17,"href":"https:\/\/blog.mtm.org\/index.php?rest_route=\/wp\/v2\/posts\/4571\/revisions"}],"predecessor-version":[{"id":7510,"href":"https:\/\/blog.mtm.org\/index.php?rest_route=\/wp\/v2\/posts\/4571\/revisions\/7510"}],"wp:featuredmedia":[{"embeddable":true,"href":"https:\/\/blog.mtm.org\/index.php?rest_route=\/wp\/v2\/media\/4572"}],"wp:attachment":[{"href":"https:\/\/blog.mtm.org\/index.php?rest_route=%2Fwp%2Fv2%2Fmedia&parent=4571"}],"wp:term":[{"taxonomy":"category","embeddable":true,"href":"https:\/\/blog.mtm.org\/index.php?rest_route=%2Fwp%2Fv2%2Fcategories&post=4571"},{"taxonomy":"post_tag","embeddable":true,"href":"https:\/\/blog.mtm.org\/index.php?rest_route=%2Fwp%2Fv2%2Ftags&post=4571"}],"curies":[{"name":"wp","href":"https:\/\/api.w.org\/{rel}","templated":true}]}}