{"id":3244,"date":"2022-03-30T09:31:20","date_gmt":"2022-03-30T07:31:20","guid":{"rendered":"https:\/\/blog.mtm.org\/?p=3244"},"modified":"2025-07-17T15:10:39","modified_gmt":"2025-07-17T13:10:39","slug":"lean-digital-conference","status":"publish","type":"post","link":"https:\/\/blog.mtm.org\/?p=3244","title":{"rendered":"Lean Work \u2013 effizient und ergonomiegerecht gestalten"},"content":{"rendered":"\t\t<div data-elementor-type=\"wp-post\" data-elementor-id=\"3244\" class=\"elementor elementor-3244\">\n\t\t\t\t\t\t<section class=\"elementor-section elementor-top-section elementor-element elementor-element-0f48af7 elementor-section-boxed elementor-section-height-default elementor-section-height-default\" data-id=\"0f48af7\" data-element_type=\"section\" data-e-type=\"section\">\r\n\t\t\t\t\t\t<div class=\"elementor-container elementor-column-gap-thegem\"><div class=\"elementor-row\">\r\n\t\t\t\t\t<div class=\"elementor-column elementor-col-50 elementor-top-column elementor-element elementor-element-6a97662\" data-id=\"6a97662\" data-element_type=\"column\" data-e-type=\"column\">\n\t\t\t<div class=\"elementor-widget-wrap elementor-element-populated\">\n\t\t\t\t\t\t<div class=\"elementor-element elementor-element-07d687b flex-horizontal-align-default flex-horizontal-align-tablet-default flex-horizontal-align-mobile-default flex-vertical-align-default flex-vertical-align-tablet-default flex-vertical-align-mobile-default elementor-widget elementor-widget-text-editor\" data-id=\"07d687b\" data-element_type=\"widget\" data-e-type=\"widget\" data-widget_type=\"text-editor.default\">\n\t\t\t\t<div class=\"elementor-widget-container\">\n\t\t\t\t\t\t\t\t\t\t\t\t<div class=\"elementor-text-editor elementor-clearfix\">\r\n\t\t\t\t\t\t<p><span data-contrast=\"auto\">Welche Intention steckt hinter unserer gemeinsamen Veranstaltung mit <b><a tabindex=\"-1\" title=\"https:\/\/www.linkedin.com\/company\/lean-knowledge-base\/\" href=\"https:\/\/www.linkedin.com\/company\/lean-knowledge-base\/\" target=\"_blank\" rel=\"noopener noreferrer\" aria-label=\"Link Lean Knowledge Base\">Lean Knowledge Base<\/a>\u00a0\u201eLean Work \u2013 effizient und ergonomiegerecht gestalten\u201c? <\/b>Was ist von der Veranstaltung zu erwarten?<b>\u00a0Prof. Dr. Peter Kuhlang<\/b> und <b>Dr. Fabian N\u00f6hring<\/b> beantworten diese Fragen und geben in der Podcast-Folge mit <b>Nadja B\u00f6hlmann<\/b> ausf\u00fchrliche Informationen zur <b>LeanDigitalConference der MTM ASSOCIATION e. V.<\/b><\/span><\/p>\t\t\t\t\t\t\t<\/div>\r\n\t\t\t\t\t\t\t\t\t\t<\/div>\n\t\t\t\t<\/div>\n\t\t\t\t\t<\/div>\n\t\t<\/div>\n\t\t\t\t<div class=\"elementor-column elementor-col-50 elementor-top-column elementor-element elementor-element-97033fe\" data-id=\"97033fe\" data-element_type=\"column\" data-e-type=\"column\">\n\t\t\t<div class=\"elementor-widget-wrap elementor-element-populated\">\n\t\t\t\t\t\t<div class=\"elementor-element elementor-element-3c00f9f flex-horizontal-align-default flex-horizontal-align-tablet-default flex-horizontal-align-mobile-default flex-vertical-align-default flex-vertical-align-tablet-default flex-vertical-align-mobile-default elementor-widget elementor-widget-html\" data-id=\"3c00f9f\" data-element_type=\"widget\" data-e-type=\"widget\" data-widget_type=\"html.default\">\n\t\t\t\t<div class=\"elementor-widget-container\">\n\t\t\t\t\t<iframe style=\"border-radius:12px\" src=\"https:\/\/open.spotify.com\/embed\/episode\/49ULUyAc5E3CFTPlOQscfg?utm_source=generator&t=0\" width=\"100%\" height=\"232\" frameBorder=\"0\" allowfullscreen=\"\" allow=\"autoplay; clipboard-write; encrypted-media; fullscreen; picture-in-picture\"><\/iframe>\t\t\t\t<\/div>\n\t\t\t\t<\/div>\n\t\t\t\t\t<\/div>\n\t\t<\/div>\n\t\t\t\t\t<\/div><\/div>\r\n\t\t<\/section>\r\n\t\t\t\t<section class=\"elementor-section elementor-top-section elementor-element elementor-element-bcf529b elementor-section-boxed elementor-section-height-default elementor-section-height-default\" data-id=\"bcf529b\" data-element_type=\"section\" data-e-type=\"section\">\r\n\t\t\t\t\t\t<div class=\"elementor-container elementor-column-gap-thegem\"><div class=\"elementor-row\">\r\n\t\t\t\t\t<div class=\"elementor-column elementor-col-100 elementor-top-column elementor-element elementor-element-eee0c50\" data-id=\"eee0c50\" data-element_type=\"column\" data-e-type=\"column\">\n\t\t\t<div class=\"elementor-widget-wrap elementor-element-populated\">\n\t\t\t\t\t\t<div class=\"elementor-element elementor-element-a97f783 flex-horizontal-align-default flex-horizontal-align-tablet-default flex-horizontal-align-mobile-default flex-vertical-align-default flex-vertical-align-tablet-default flex-vertical-align-mobile-default elementor-widget elementor-widget-text-editor\" data-id=\"a97f783\" data-element_type=\"widget\" data-e-type=\"widget\" data-widget_type=\"text-editor.default\">\n\t\t\t\t<div class=\"elementor-widget-container\">\n\t\t\t\t\t\t\t\t\t\t\t\t<div class=\"elementor-text-editor elementor-clearfix\">\r\n\t\t\t\t\t\t<p><span data-contrast=\"auto\">Bis zu <\/span><i><span data-contrast=\"auto\">dem<\/span><\/i><span data-contrast=\"auto\"> Treffpunkt der MTM Community, dem MTM SUMMIT 2022, ist es noch eine Weile hin. Die Wartezeit verk\u00fcrzen wollen wir allen Interessierten mit der <b>LeanDigitalConference am 24. Mai 2022 von 9 bis 16 Uhr live aus dem LeanTV Studio in Mannheim<\/b>. Im Fokus des Online-Events steht das Thema \u201cLean Work \u2013 effizient und ergonomiegerecht gestalten\u201d.&nbsp;<\/span><span data-ccp-props=\"{\">&nbsp;<\/span><\/p>\n<p><b><span data-contrast=\"auto\">MTM-HWD<\/span><\/b><b><span data-contrast=\"auto\">\u00ae<\/span><\/b><b><span data-contrast=\"auto\">&nbsp;bei Siemens im Einsatz<\/span><\/b>&nbsp;<\/p>\n<p><span data-contrast=\"auto\">Effizient produzieren und gleichzeitig die Gesundheit der Mitarbeiter erhalten \u2013 dass das funktioniert, zeigt Industrial Engineer Florian Walter von der&nbsp;<a href=\"http:\/\/siemens.com\" target=\"_blank\" rel=\"noopener\">Siemens AG<\/a>&nbsp;nicht etwa an einem der vielen Beispiele am Standort Deutschland, sondern am Beispiel des Elektronikwerks Chengdu des Konzerns in China. Mittel zum Zweck ist das neue Prozessbausteinsystem MTM-HWD<\/span><span data-contrast=\"auto\">\u00ae<\/span><span data-contrast=\"auto\">, das erstmals methodische und ergonomische Arbeitsgestaltung in nur einem Schritt vereint und damit eine neue \u00c4ra in der Arbeitsgestaltung eingel\u00e4utet hat. Tandempartner von Florian Walter ist&nbsp;<a href=\"https:\/\/www.linkedin.com\/in\/dr-thomas-finsterbusch\/\" target=\"_blank\" rel=\"noopener\">Dr. Thomas Finsterbusch<\/a>, der MTM-HWD<\/span><span data-contrast=\"auto\">\u00ae<\/span><span data-contrast=\"auto\"> mit aus der Taufe gehoben hat und das Prozessbausteinsystem jetzt gemeinsam mit Siemens und vielen anderen Akteuren aus der deutschen Fertigungsindustrie im Rahmen einer User Group weiterentwickelt.&nbsp;<\/span><span data-ccp-props=\"{\">&nbsp;<\/span><\/p>\n<p><b><span data-contrast=\"auto\">Belastbare Zahlen sind das A und O<\/span><\/b>&nbsp;<\/p>\n<p><span data-contrast=\"auto\">Wo steht mein Unternehmen in Sachen Lean? Welche Verbesserungspotenziale gibt es, wo fange ich sinnvollerweise mit der Realisierung an und welche Auswirkungen hat das alles auf die Gewinn- und Verlustrechnung? F\u00fcr die Antwort braucht es vor allem eines: belastbare Zahlen. Und an die kommt man nur durch Messen und Bewerten. Auch hier gibt es jetzt ein probates Mittel:&nbsp;<a href=\"http:\/\/mtm-easy.com\" target=\"_blank\" rel=\"noopener\">MTM-Easy\u00ae<\/a>. Dr. Johannes Pohl von&nbsp;<a href=\"http:\/\/peopex.de\" target=\"_blank\" rel=\"noopener\">PEOPEX GmbH<\/a>&nbsp;und Andreas Bochmann, Deutsche MTM-Gesellschaft mbH, demonstrieren anhand eines Praxisbeispiels, dass <\/span><b><span data-contrast=\"auto\">mit&nbsp;<\/span><\/b><span data-contrast=\"auto\"><a href=\"http:\/\/mtm-easy.com\" target=\"_blank\" rel=\"noopener\">MTM-Easy\u00ae<\/a>, sprich die Digitalisierung und Vereinfachung des MTM-Ansatzes in Kombination mit einer intuitiven Benutzeroberfl\u00e4che, eine erste Absch\u00e4tzung von Einsparungspotentialen (H\u00e4rtegrad 2) innerhalb k\u00fcrzester Zeit m\u00f6glich ist.<\/span> &nbsp;<\/p>\n<p><b><span data-contrast=\"auto\">Weitere Themen der LeanDigitalConference sind<\/span><\/b>&nbsp;<\/p>\n<p><span data-contrast=\"auto\"> die <\/span><b><span data-contrast=\"auto\">Planung und Umsetzung effizienter und ergonomischer Montagearbeitspl\u00e4tze<\/span><\/b><span data-contrast=\"auto\"> am Beispiel der&nbsp;<a href=\"https:\/\/www.siko-global.com\/\" target=\"_blank\" rel=\"noopener\">SIKO GmbH<\/a>&nbsp;(Marius Geibel,&nbsp;<a href=\"http:\/\/item24.de\" target=\"_blank\" rel=\"noopener\">item Industrietechnik GmbH<\/a>, und Dr. Steffen Rast, Deutsche MTM-Gesellschaft mbH) und <\/span><b><span data-contrast=\"auto\">VR und MTM in der Gestaltung der DEHN-Arbeitssysteme der Zukunft<\/span><\/b><span data-contrast=\"auto\"> (Michael Mohren,&nbsp;<a href=\"http:\/\/dehn.de\" target=\"_blank\" rel=\"noopener\">DEHN SE<\/a>). Die Keynote <\/span><b><span data-contrast=\"auto\">\u201cLean Work \u2013 Einf\u00fchrung in die effiziente und ergonomiegerechte Arbeitsgestaltung\u201d<\/span><\/b><span data-contrast=\"auto\"> kommt von&nbsp;<a href=\"https:\/\/www.linkedin.com\/in\/peterkuhlang\/\" target=\"_blank\" rel=\"noopener\">Prof. Dr. Peter Kuhlang<\/a>, CEO&nbsp;<a href=\"http:\/\/mtm.org\" target=\"_blank\" rel=\"noopener\">MTM ASSOCIATION e. V.<\/a>&nbsp;Gemeinsam mit&nbsp;<a href=\"https:\/\/www.linkedin.com\/in\/nadja-b%C3%B6hlmann\/\" target=\"_blank\" rel=\"noopener\">Nadja B\u00f6hlmann<\/a>,&nbsp;<a href=\"http:\/\/leanbase.de\" target=\"_blank\" rel=\"noopener\">LeanBase<\/a>, f\u00fchrt er auch durch das Programm.<\/span>&nbsp;<\/p>\n<p><span data-contrast=\"auto\">Im Anschluss zu jedem Impulsbeitrag stehen die jeweiligen Referenten in einer gesonderten Video-Konferenz f\u00fcr Fragen und Anregungen zur Verf\u00fcgung. Au\u00dferdem besteht die M\u00f6glichkeit sich via Chat bei den einzelnen Beitr\u00e4gen zu Wort zu melden. <\/span>&nbsp;<\/p>\n<p><a href=\"https:\/\/leanbase.de\/digital-conference\/lean-work-effizient-und-ergonomiegerecht-gestalten\" target=\"_blank\" rel=\"noopener\"><b>Mehr Information und Online-Tickets gibt es HIER.<\/b>&nbsp;<\/a><\/p>\t\t\t\t\t\t\t<\/div>\r\n\t\t\t\t\t\t\t\t\t\t<\/div>\n\t\t\t\t<\/div>\n\t\t\t\t\t<\/div>\n\t\t<\/div>\n\t\t\t\t\t<\/div><\/div>\r\n\t\t<\/section>\r\n\t\t\t\t<\/div>\n\t\t","protected":false},"excerpt":{"rendered":"<p>Welche Intention steckt hinter unserer gemeinsamen Veranstaltung mit Lean Knowledge Base<b>\u201eLean Work \u2013 effizient und ergonomiegerecht gestalten\u201c<\/b>? Was ist von der Veranstaltung zu erwarten? Prof. Dr. Peter Kuhlang und Dr. Fabian N\u00f6hring beantworten diese Fragen und geben in der Podcast-Folge mit Nadja B\u00f6hlmann ausf\u00fchrliche Informationen zur LeanDigitalConference der MTM ASSOCIATION e. V.<\/p>\n","protected":false},"author":5,"featured_media":3351,"comment_status":"closed","ping_status":"closed","sticky":false,"template":"single-fullwidth.php","format":"standard","meta":{"footnotes":""},"categories":[55],"tags":[352,208,224,230,225,525,677,194,501,686],"class_list":{"0":"post-3244","1":"post","2":"type-post","3":"status-publish","4":"format-standard","5":"has-post-thumbnail","7":"category-news","8":"tag-arbeitsgestaltung","9":"tag-industrial-engineering","10":"tag-lean","11":"tag-leanbase","12":"tag-leanwork","13":"tag-mitarbeitergesundheit","14":"tag-montage","15":"tag-mtm","16":"tag-mtm-easy-2","17":"tag-mtm-hwd"},"yoast_head":"<!-- This site is optimized with the Yoast SEO plugin v27.4 - https:\/\/yoast.com\/product\/yoast-seo-wordpress\/ -->\n<title>\u201cLean Work \u2013 effizient und ergonomiegerecht gestalten\u201d<\/title>\n<meta name=\"description\" content=\"Die LeanDigitalConference findet am 24. Mai 2022 von 9 bis 16 Uhr live aus dem LeanTV Studio in Mannheim statt.\" \/>\n<meta name=\"robots\" content=\"index, follow, max-snippet:-1, max-image-preview:large, max-video-preview:-1\" \/>\n<link rel=\"canonical\" href=\"https:\/\/blog.mtm.org\/?p=3244\" \/>\n<meta property=\"og:locale\" content=\"de_DE\" \/>\n<meta property=\"og:type\" content=\"article\" \/>\n<meta property=\"og:title\" content=\"\u201cLean Work \u2013 effizient und ergonomiegerecht gestalten\u201d\" \/>\n<meta property=\"og:description\" content=\"Die LeanDigitalConference findet am 24. Mai 2022 von 9 bis 16 Uhr live aus dem LeanTV Studio in Mannheim statt.\" \/>\n<meta property=\"og:url\" content=\"https:\/\/blog.mtm.org\/?p=3244\" \/>\n<meta property=\"og:site_name\" content=\"MTM ASSOCIATION e. V.\" \/>\n<meta property=\"article:publisher\" content=\"https:\/\/www.facebook.com\/mtm.org\" \/>\n<meta property=\"article:published_time\" content=\"2022-03-30T07:31:20+00:00\" \/>\n<meta property=\"article:modified_time\" content=\"2025-07-17T13:10:39+00:00\" \/>\n<meta property=\"og:image\" content=\"https:\/\/blog.mtm.org\/wp-content\/uploads\/2022\/03\/20220331_LeanDigital_Conference_2560x1282-scaled.jpg\" \/>\n\t<meta property=\"og:image:width\" content=\"2560\" \/>\n\t<meta property=\"og:image:height\" content=\"1282\" \/>\n\t<meta property=\"og:image:type\" content=\"image\/jpeg\" \/>\n<meta name=\"author\" content=\"Ina Klose-Hegewald\" \/>\n<meta name=\"twitter:card\" content=\"summary_large_image\" \/>\n<meta name=\"twitter:label1\" content=\"Verfasst von\" \/>\n\t<meta name=\"twitter:data1\" content=\"Ina Klose-Hegewald\" \/>\n\t<meta name=\"twitter:label2\" content=\"Gesch\u00e4tzte Lesezeit\" \/>\n\t<meta name=\"twitter:data2\" content=\"3\u00a0Minuten\" \/>\n<script type=\"application\/ld+json\" class=\"yoast-schema-graph\">{\"@context\":\"https:\\\/\\\/schema.org\",\"@graph\":[{\"@type\":\"Article\",\"@id\":\"https:\\\/\\\/blog.mtm.org\\\/?p=3244#article\",\"isPartOf\":{\"@id\":\"https:\\\/\\\/blog.mtm.org\\\/?p=3244\"},\"author\":{\"name\":\"Ina Klose-Hegewald\",\"@id\":\"https:\\\/\\\/blog.mtm.org\\\/#\\\/schema\\\/person\\\/3270a96dc52fab3f4fe516995965c5d2\"},\"headline\":\"Lean Work \u2013 effizient und ergonomiegerecht gestalten\",\"datePublished\":\"2022-03-30T07:31:20+00:00\",\"dateModified\":\"2025-07-17T13:10:39+00:00\",\"mainEntityOfPage\":{\"@id\":\"https:\\\/\\\/blog.mtm.org\\\/?p=3244\"},\"wordCount\":497,\"publisher\":{\"@id\":\"https:\\\/\\\/blog.mtm.org\\\/#organization\"},\"image\":{\"@id\":\"https:\\\/\\\/blog.mtm.org\\\/?p=3244#primaryimage\"},\"thumbnailUrl\":\"https:\\\/\\\/blog.mtm.org\\\/wp-content\\\/uploads\\\/2022\\\/03\\\/20220331_LeanDigital_Conference_2560x1282-scaled.jpg\",\"keywords\":[\"arbeitsgestaltung\",\"industrial engineering\",\"lean\",\"leanbase\",\"leanwork\",\"mitarbeitergesundheit\",\"montage\",\"mtm\",\"mtm easy\",\"mtm hwd\"],\"articleSection\":[\"News\"],\"inLanguage\":\"de\"},{\"@type\":\"WebPage\",\"@id\":\"https:\\\/\\\/blog.mtm.org\\\/?p=3244\",\"url\":\"https:\\\/\\\/blog.mtm.org\\\/?p=3244\",\"name\":\"\u201cLean Work \u2013 effizient und ergonomiegerecht gestalten\u201d\",\"isPartOf\":{\"@id\":\"https:\\\/\\\/blog.mtm.org\\\/#website\"},\"primaryImageOfPage\":{\"@id\":\"https:\\\/\\\/blog.mtm.org\\\/?p=3244#primaryimage\"},\"image\":{\"@id\":\"https:\\\/\\\/blog.mtm.org\\\/?p=3244#primaryimage\"},\"thumbnailUrl\":\"https:\\\/\\\/blog.mtm.org\\\/wp-content\\\/uploads\\\/2022\\\/03\\\/20220331_LeanDigital_Conference_2560x1282-scaled.jpg\",\"datePublished\":\"2022-03-30T07:31:20+00:00\",\"dateModified\":\"2025-07-17T13:10:39+00:00\",\"description\":\"Die LeanDigitalConference findet am 24. Mai 2022 von 9 bis 16 Uhr live aus dem LeanTV Studio in Mannheim statt.\",\"breadcrumb\":{\"@id\":\"https:\\\/\\\/blog.mtm.org\\\/?p=3244#breadcrumb\"},\"inLanguage\":\"de\",\"potentialAction\":[{\"@type\":\"ReadAction\",\"target\":[\"https:\\\/\\\/blog.mtm.org\\\/?p=3244\"]}]},{\"@type\":\"ImageObject\",\"inLanguage\":\"de\",\"@id\":\"https:\\\/\\\/blog.mtm.org\\\/?p=3244#primaryimage\",\"url\":\"https:\\\/\\\/blog.mtm.org\\\/wp-content\\\/uploads\\\/2022\\\/03\\\/20220331_LeanDigital_Conference_2560x1282-scaled.jpg\",\"contentUrl\":\"https:\\\/\\\/blog.mtm.org\\\/wp-content\\\/uploads\\\/2022\\\/03\\\/20220331_LeanDigital_Conference_2560x1282-scaled.jpg\",\"width\":2560,\"height\":1282},{\"@type\":\"BreadcrumbList\",\"@id\":\"https:\\\/\\\/blog.mtm.org\\\/?p=3244#breadcrumb\",\"itemListElement\":[{\"@type\":\"ListItem\",\"position\":1,\"name\":\"Startseite\",\"item\":\"https:\\\/\\\/blog.mtm.org\\\/\"},{\"@type\":\"ListItem\",\"position\":2,\"name\":\"Lean Work \u2013 effizient und ergonomiegerecht gestalten\"}]},{\"@type\":\"WebSite\",\"@id\":\"https:\\\/\\\/blog.mtm.org\\\/#website\",\"url\":\"https:\\\/\\\/blog.mtm.org\\\/\",\"name\":\"MTM ASSOCIATION e. V.\",\"description\":\"Blog\",\"publisher\":{\"@id\":\"https:\\\/\\\/blog.mtm.org\\\/#organization\"},\"potentialAction\":[{\"@type\":\"SearchAction\",\"target\":{\"@type\":\"EntryPoint\",\"urlTemplate\":\"https:\\\/\\\/blog.mtm.org\\\/?s={search_term_string}\"},\"query-input\":{\"@type\":\"PropertyValueSpecification\",\"valueRequired\":true,\"valueName\":\"search_term_string\"}}],\"inLanguage\":\"de\"},{\"@type\":\"Organization\",\"@id\":\"https:\\\/\\\/blog.mtm.org\\\/#organization\",\"name\":\"MTM ASSOCIATION e. V.\",\"url\":\"https:\\\/\\\/blog.mtm.org\\\/\",\"logo\":{\"@type\":\"ImageObject\",\"inLanguage\":\"de\",\"@id\":\"https:\\\/\\\/blog.mtm.org\\\/#\\\/schema\\\/logo\\\/image\\\/\",\"url\":\"https:\\\/\\\/blog.mtm.org\\\/wp-content\\\/uploads\\\/2022\\\/04\\\/logo_mtm.jpg\",\"contentUrl\":\"https:\\\/\\\/blog.mtm.org\\\/wp-content\\\/uploads\\\/2022\\\/04\\\/logo_mtm.jpg\",\"width\":400,\"height\":400,\"caption\":\"MTM ASSOCIATION e. V.\"},\"image\":{\"@id\":\"https:\\\/\\\/blog.mtm.org\\\/#\\\/schema\\\/logo\\\/image\\\/\"},\"sameAs\":[\"https:\\\/\\\/www.facebook.com\\\/mtm.org\",\"https:\\\/\\\/www.instagram.com\\\/mtmassociation\\\/\",\"https:\\\/\\\/www.linkedin.com\\\/company\\\/mtmassociation\\\/\",\"https:\\\/\\\/www.youtube.com\\\/user\\\/MTMtvPortal\",\"https:\\\/\\\/de.wikipedia.org\\\/wiki\\\/MTM_Association\"]},{\"@type\":\"Person\",\"@id\":\"https:\\\/\\\/blog.mtm.org\\\/#\\\/schema\\\/person\\\/3270a96dc52fab3f4fe516995965c5d2\",\"name\":\"Ina Klose-Hegewald\",\"image\":{\"@type\":\"ImageObject\",\"inLanguage\":\"de\",\"@id\":\"https:\\\/\\\/secure.gravatar.com\\\/avatar\\\/dfd02f481ac5a7017dde24d3cb4ee1f6d347b66b143b9074a8d1d97c52a5cd0c?s=96&d=mm&r=g\",\"url\":\"https:\\\/\\\/secure.gravatar.com\\\/avatar\\\/dfd02f481ac5a7017dde24d3cb4ee1f6d347b66b143b9074a8d1d97c52a5cd0c?s=96&d=mm&r=g\",\"contentUrl\":\"https:\\\/\\\/secure.gravatar.com\\\/avatar\\\/dfd02f481ac5a7017dde24d3cb4ee1f6d347b66b143b9074a8d1d97c52a5cd0c?s=96&d=mm&r=g\",\"caption\":\"Ina Klose-Hegewald\"},\"sameAs\":[\"http:\\\/\\\/blog.mtm.org\"]}]}<\/script>\n<!-- \/ Yoast SEO plugin. -->","yoast_head_json":{"title":"\u201cLean Work \u2013 effizient und ergonomiegerecht gestalten\u201d","description":"Die LeanDigitalConference findet am 24. Mai 2022 von 9 bis 16 Uhr live aus dem LeanTV Studio in Mannheim statt.","robots":{"index":"index","follow":"follow","max-snippet":"max-snippet:-1","max-image-preview":"max-image-preview:large","max-video-preview":"max-video-preview:-1"},"canonical":"https:\/\/blog.mtm.org\/?p=3244","og_locale":"de_DE","og_type":"article","og_title":"\u201cLean Work \u2013 effizient und ergonomiegerecht gestalten\u201d","og_description":"Die LeanDigitalConference findet am 24. Mai 2022 von 9 bis 16 Uhr live aus dem LeanTV Studio in Mannheim statt.","og_url":"https:\/\/blog.mtm.org\/?p=3244","og_site_name":"MTM ASSOCIATION e. V.","article_publisher":"https:\/\/www.facebook.com\/mtm.org","article_published_time":"2022-03-30T07:31:20+00:00","article_modified_time":"2025-07-17T13:10:39+00:00","og_image":[{"width":2560,"height":1282,"url":"https:\/\/blog.mtm.org\/wp-content\/uploads\/2022\/03\/20220331_LeanDigital_Conference_2560x1282-scaled.jpg","type":"image\/jpeg"}],"author":"Ina Klose-Hegewald","twitter_card":"summary_large_image","twitter_misc":{"Verfasst von":"Ina Klose-Hegewald","Gesch\u00e4tzte Lesezeit":"3\u00a0Minuten"},"schema":{"@context":"https:\/\/schema.org","@graph":[{"@type":"Article","@id":"https:\/\/blog.mtm.org\/?p=3244#article","isPartOf":{"@id":"https:\/\/blog.mtm.org\/?p=3244"},"author":{"name":"Ina Klose-Hegewald","@id":"https:\/\/blog.mtm.org\/#\/schema\/person\/3270a96dc52fab3f4fe516995965c5d2"},"headline":"Lean Work \u2013 effizient und ergonomiegerecht gestalten","datePublished":"2022-03-30T07:31:20+00:00","dateModified":"2025-07-17T13:10:39+00:00","mainEntityOfPage":{"@id":"https:\/\/blog.mtm.org\/?p=3244"},"wordCount":497,"publisher":{"@id":"https:\/\/blog.mtm.org\/#organization"},"image":{"@id":"https:\/\/blog.mtm.org\/?p=3244#primaryimage"},"thumbnailUrl":"https:\/\/blog.mtm.org\/wp-content\/uploads\/2022\/03\/20220331_LeanDigital_Conference_2560x1282-scaled.jpg","keywords":["arbeitsgestaltung","industrial engineering","lean","leanbase","leanwork","mitarbeitergesundheit","montage","mtm","mtm easy","mtm hwd"],"articleSection":["News"],"inLanguage":"de"},{"@type":"WebPage","@id":"https:\/\/blog.mtm.org\/?p=3244","url":"https:\/\/blog.mtm.org\/?p=3244","name":"\u201cLean Work \u2013 effizient und ergonomiegerecht gestalten\u201d","isPartOf":{"@id":"https:\/\/blog.mtm.org\/#website"},"primaryImageOfPage":{"@id":"https:\/\/blog.mtm.org\/?p=3244#primaryimage"},"image":{"@id":"https:\/\/blog.mtm.org\/?p=3244#primaryimage"},"thumbnailUrl":"https:\/\/blog.mtm.org\/wp-content\/uploads\/2022\/03\/20220331_LeanDigital_Conference_2560x1282-scaled.jpg","datePublished":"2022-03-30T07:31:20+00:00","dateModified":"2025-07-17T13:10:39+00:00","description":"Die LeanDigitalConference findet am 24. Mai 2022 von 9 bis 16 Uhr live aus dem LeanTV Studio in Mannheim statt.","breadcrumb":{"@id":"https:\/\/blog.mtm.org\/?p=3244#breadcrumb"},"inLanguage":"de","potentialAction":[{"@type":"ReadAction","target":["https:\/\/blog.mtm.org\/?p=3244"]}]},{"@type":"ImageObject","inLanguage":"de","@id":"https:\/\/blog.mtm.org\/?p=3244#primaryimage","url":"https:\/\/blog.mtm.org\/wp-content\/uploads\/2022\/03\/20220331_LeanDigital_Conference_2560x1282-scaled.jpg","contentUrl":"https:\/\/blog.mtm.org\/wp-content\/uploads\/2022\/03\/20220331_LeanDigital_Conference_2560x1282-scaled.jpg","width":2560,"height":1282},{"@type":"BreadcrumbList","@id":"https:\/\/blog.mtm.org\/?p=3244#breadcrumb","itemListElement":[{"@type":"ListItem","position":1,"name":"Startseite","item":"https:\/\/blog.mtm.org\/"},{"@type":"ListItem","position":2,"name":"Lean Work \u2013 effizient und ergonomiegerecht gestalten"}]},{"@type":"WebSite","@id":"https:\/\/blog.mtm.org\/#website","url":"https:\/\/blog.mtm.org\/","name":"MTM ASSOCIATION e. V.","description":"Blog","publisher":{"@id":"https:\/\/blog.mtm.org\/#organization"},"potentialAction":[{"@type":"SearchAction","target":{"@type":"EntryPoint","urlTemplate":"https:\/\/blog.mtm.org\/?s={search_term_string}"},"query-input":{"@type":"PropertyValueSpecification","valueRequired":true,"valueName":"search_term_string"}}],"inLanguage":"de"},{"@type":"Organization","@id":"https:\/\/blog.mtm.org\/#organization","name":"MTM ASSOCIATION e. V.","url":"https:\/\/blog.mtm.org\/","logo":{"@type":"ImageObject","inLanguage":"de","@id":"https:\/\/blog.mtm.org\/#\/schema\/logo\/image\/","url":"https:\/\/blog.mtm.org\/wp-content\/uploads\/2022\/04\/logo_mtm.jpg","contentUrl":"https:\/\/blog.mtm.org\/wp-content\/uploads\/2022\/04\/logo_mtm.jpg","width":400,"height":400,"caption":"MTM ASSOCIATION e. V."},"image":{"@id":"https:\/\/blog.mtm.org\/#\/schema\/logo\/image\/"},"sameAs":["https:\/\/www.facebook.com\/mtm.org","https:\/\/www.instagram.com\/mtmassociation\/","https:\/\/www.linkedin.com\/company\/mtmassociation\/","https:\/\/www.youtube.com\/user\/MTMtvPortal","https:\/\/de.wikipedia.org\/wiki\/MTM_Association"]},{"@type":"Person","@id":"https:\/\/blog.mtm.org\/#\/schema\/person\/3270a96dc52fab3f4fe516995965c5d2","name":"Ina Klose-Hegewald","image":{"@type":"ImageObject","inLanguage":"de","@id":"https:\/\/secure.gravatar.com\/avatar\/dfd02f481ac5a7017dde24d3cb4ee1f6d347b66b143b9074a8d1d97c52a5cd0c?s=96&d=mm&r=g","url":"https:\/\/secure.gravatar.com\/avatar\/dfd02f481ac5a7017dde24d3cb4ee1f6d347b66b143b9074a8d1d97c52a5cd0c?s=96&d=mm&r=g","contentUrl":"https:\/\/secure.gravatar.com\/avatar\/dfd02f481ac5a7017dde24d3cb4ee1f6d347b66b143b9074a8d1d97c52a5cd0c?s=96&d=mm&r=g","caption":"Ina Klose-Hegewald"},"sameAs":["http:\/\/blog.mtm.org"]}]}},"menu_order":0,"_links":{"self":[{"href":"https:\/\/blog.mtm.org\/index.php?rest_route=\/wp\/v2\/posts\/3244","targetHints":{"allow":["GET"]}}],"collection":[{"href":"https:\/\/blog.mtm.org\/index.php?rest_route=\/wp\/v2\/posts"}],"about":[{"href":"https:\/\/blog.mtm.org\/index.php?rest_route=\/wp\/v2\/types\/post"}],"author":[{"embeddable":true,"href":"https:\/\/blog.mtm.org\/index.php?rest_route=\/wp\/v2\/users\/5"}],"replies":[{"embeddable":true,"href":"https:\/\/blog.mtm.org\/index.php?rest_route=%2Fwp%2Fv2%2Fcomments&post=3244"}],"version-history":[{"count":2,"href":"https:\/\/blog.mtm.org\/index.php?rest_route=\/wp\/v2\/posts\/3244\/revisions"}],"predecessor-version":[{"id":10709,"href":"https:\/\/blog.mtm.org\/index.php?rest_route=\/wp\/v2\/posts\/3244\/revisions\/10709"}],"wp:featuredmedia":[{"embeddable":true,"href":"https:\/\/blog.mtm.org\/index.php?rest_route=\/wp\/v2\/media\/3351"}],"wp:attachment":[{"href":"https:\/\/blog.mtm.org\/index.php?rest_route=%2Fwp%2Fv2%2Fmedia&parent=3244"}],"wp:term":[{"taxonomy":"category","embeddable":true,"href":"https:\/\/blog.mtm.org\/index.php?rest_route=%2Fwp%2Fv2%2Fcategories&post=3244"},{"taxonomy":"post_tag","embeddable":true,"href":"https:\/\/blog.mtm.org\/index.php?rest_route=%2Fwp%2Fv2%2Ftags&post=3244"}],"curies":[{"name":"wp","href":"https:\/\/api.w.org\/{rel}","templated":true}]}}