{"id":10047,"date":"2024-08-28T15:13:46","date_gmt":"2024-08-28T13:13:46","guid":{"rendered":"https:\/\/blog.mtm.org\/?p=10047"},"modified":"2025-07-14T09:55:16","modified_gmt":"2025-07-14T07:55:16","slug":"sommer-akademie-gruen-im-fokus","status":"publish","type":"post","link":"https:\/\/blog.mtm.org\/?p=10047","title":{"rendered":"Sommer-Akademie: Gr\u00fcn im Fokus"},"content":{"rendered":"\t\t<div data-elementor-type=\"wp-post\" data-elementor-id=\"10047\" class=\"elementor elementor-10047\">\n\t\t\t\t\t\t<section class=\"elementor-section elementor-top-section elementor-element elementor-element-f8c10a4 elementor-section-boxed elementor-section-height-default elementor-section-height-default\" data-id=\"f8c10a4\" data-element_type=\"section\" data-e-type=\"section\">\r\n\t\t\t\t\t\t<div class=\"elementor-container elementor-column-gap-thegem\"><div class=\"elementor-row\">\r\n\t\t\t\t\t<div class=\"elementor-column elementor-col-100 elementor-top-column elementor-element elementor-element-15f1909\" data-id=\"15f1909\" data-element_type=\"column\" data-e-type=\"column\">\n\t\t\t<div class=\"elementor-widget-wrap elementor-element-populated\">\n\t\t\t\t\t\t<div class=\"elementor-element elementor-element-98e99fa flex-horizontal-align-default flex-horizontal-align-tablet-default flex-horizontal-align-mobile-default flex-vertical-align-default flex-vertical-align-tablet-default flex-vertical-align-mobile-default elementor-widget elementor-widget-text-editor\" data-id=\"98e99fa\" data-element_type=\"widget\" data-e-type=\"widget\" data-widget_type=\"text-editor.default\">\n\t\t\t\t<div class=\"elementor-widget-container\">\n\t\t\t\t\t\t\t\t\t\t\t\t<div class=\"elementor-text-editor elementor-clearfix\">\r\n\t\t\t\t\t\t<p><strong>Traditionell l\u00e4dt die MTM ASSOCIATION e. V. Anfang August MTM-Instruktoren aus der Organisation, aus dem One-MTM-Partnernetzwerk und aus Mitgliedsunternehmen zur Sommer-Akademie ein. Die perfekte Location f\u00fcr intensives Arbeiten, Networking und gemeinsame Feierabendrunden hat ebenfalls Tradition: das MTM-Institut in Zeuthen bei Berlin. Und wie es sich f\u00fcr eine Sommer-Akademie ziemt, steht Gr\u00fcn im Fokus: die Verl\u00e4ngerung der Gr\u00fcnen Karte, also der Lehrlizenz f\u00fcr MTM-Instruktoren.<\/strong><\/p><p>Die Lehrg\u00e4nge zur Verl\u00e4ngerung der Lehrlizenzen wurden erstmals in der Kombination von Selbststudium (Modultest, Testpr\u00fcfungen), gemeinsamem Austausch vor Ort und per MS Teams sowie der obligatorischen Online-Pr\u00fcfung durchgef\u00fchrt. Ein gelungenes Konzept, bescheinigten die Teilnehmer den Organisatoren der Sommer-Akademie: MTM-Instruktor Dr. Thomas Finsterbusch, Leiter MTM-Akademie, Manuela Ostermeier, Bereichsleiterin MTM-Partnerschaften und Teamleiterin Digitalisierung und Internationalisierung der MTM-Ausbildung, sowie MTM-Instruktorin Clara Link.\u00a0<\/p><h6><img class=\"wp-image-10104 size-medium alignleft\" src=\"https:\/\/blog.mtm.org\/wp-content\/uploads\/2024\/08\/Sommerakademie_2024_03_2-300x259.jpg\" alt=\"MTM-Instruktoren beim Auffrischen ihrer Lehrlizenz\" width=\"300\" height=\"259\" srcset=\"https:\/\/blog.mtm.org\/wp-content\/uploads\/2024\/08\/Sommerakademie_2024_03_2-300x259.jpg 300w, https:\/\/blog.mtm.org\/wp-content\/uploads\/2024\/08\/Sommerakademie_2024_03_2-1024x885.jpg 1024w, https:\/\/blog.mtm.org\/wp-content\/uploads\/2024\/08\/Sommerakademie_2024_03_2-768x663.jpg 768w, https:\/\/blog.mtm.org\/wp-content\/uploads\/2024\/08\/Sommerakademie_2024_03_2.jpg 1080w\" sizes=\"(max-width: 300px) 100vw, 300px\" \/><\/h6><h6><strong>Einheitlicher Ausbildungsstandard Grundlage f\u00fcr Erfolg an allen Produktionsstandorten<\/strong><\/h6><p>Auch die Instruktoren aus dem <a href=\"https:\/\/mtm.org\/one-mtm\">Partnernetzwerk One-MTM<\/a> nutzten die Einladung zur Sommer-Akademie, um ihre Lehrlizenzen zu verl\u00e4ngern bzw. ihre Kenntnisse in den verschiedenen MTM-Prozessbausteinsystemen aufzufrischen. Wei Jiang zum Beispiel, MTM-Instruktor und Gesch\u00e4ftsf\u00fchrer der MTM (Shanghai) Enterprise Management Consulting Co., Ltd. in China, hat seine Lehrlizenz f\u00fcr die C-Werte von Mercedes-Benz (vormals Daimler) um weitere 3 Jahre verl\u00e4ngert. Besonders freute sich Wei Jiang \u00fcber die Gelegenheit, mit anderen MTM-Experten aus dem Partnernetzwerk die Aspekte eines einheitlichen Ausbildungsstandards zu diskutieren. Dass die MTM-Prozesssprache \u00fcberall auf der Welt gleich gesprochen und verstanden wird, sei \u201edie Grundlage daf\u00fcr, dass wir unseren Kunden helfen k\u00f6nnen, an allen Produktionsstandorten erfolgreich zu sein\u201c.<\/p><p>F\u00fcr Zolt\u00e1n Dunajcsik, MTM-Instruktor und Pr\u00e4sident der ungarischen MTM-Vereinigung, ist die Sommer-Akademie die perfekte Gelegenheit, um gemeinsam zu beraten, \u201ewie man die MTM-Methode noch besser erkl\u00e4ren bzw. visualisieren kann, um sie f\u00fcr die Teilnehmer einer Ausbildung noch verst\u00e4ndlicher zu machen.\u201c Wo z. B. kein Video-Material f\u00fcr eine MTM-Analyse zur Verf\u00fcgung stehe, k\u00f6nne man Playmobil oder Lego nutzen. \u201eIch bin froh, dass Kollegen aus anderen L\u00e4ndern, ja sogar von anderen Kontinenten treffen und deren Best Practice bzw. die Art und Weise kennenlernen, wie sie Probleme l\u00f6sen\u201c, betonte der ungarische Ansprechpartner im One-MTM Netzwerk. Zum ersten Mal bei der Sommer-Akademie dabei war Miguel Vera, der Neuzugang im Instruktoren-Team der MTM ASSOCIATION e. V.<\/p><h6><strong>Instruktoren f\u00fcr BMW SD-Ausbildung aus dem One-Partnernetzwerk beraten zu neuen Modultests<\/strong><\/h6><p>Im Rahmen der Sommer-Akademie gab es auch eine spezielle Runde: Die BMW-Instruktoren von MTM ASSOCIATION e. V., Deutsche MTM-Gesellschaft mbH, MTM (Shanghai) Enterprise Management Consulting Co., Ltd. und MTM Hung\u00e1ria Egyes\u00fclet tauschten sich zu den in 2023 und 2024 durchgef\u00fchrten Ausbildungen und den dabei verwendeten digitalen Ausbildungsunterlagen aus. Den Auffrischungslehrgang f\u00fcr die BMW-Lizenzen leitete Philipp Wolf von BMW Group \u2013 herzlichen Dank noch einmal daf\u00fcr. Weitere Themen waren die Entwicklung neuer Ausbildungsunterlagen (z. B. Modultests f\u00fcr die BMW Group SD Mehrzweckwerte Ausbildung), die \u00dcbersetzung von Datenkarten und Pr\u00fcfungen in weitere Sprachen (z. B. Spanisch, Chinesisch, Ungarisch) und die gemeinsame <a href=\"https:\/\/blog.mtm.org\/?p=8212\">Weiterentwicklung von E-Learning-Angeboten<\/a>.<\/p><p>Eine gute Nachricht f\u00fcr alle Teilnehmer einer Ausbildung im E-Learning-Format: Ab 2025 kann man vor Beginn der Online-Pr\u00fcfung einen freiwilligen, kostenfreien Konsultationstermin buchen.<\/p><p><strong>Sie suchen nach einer MTM-Praktiker- oder MTM-Instruktoren-Ausbildung? Dann informieren Sie sich auf <a href=\"http:\/\/training.mtm.org\">training.mtm.org<\/a>.<\/strong><\/p>\t\t\t\t\t\t\t<\/div>\r\n\t\t\t\t\t\t\t\t\t\t<\/div>\n\t\t\t\t<\/div>\n\t\t\t\t\t<\/div>\n\t\t<\/div>\n\t\t\t\t\t<\/div><\/div>\r\n\t\t<\/section>\r\n\t\t\t\t<\/div>\n\t\t","protected":false},"excerpt":{"rendered":"<p>Traditionell l\u00e4dt die MTM ASSOCIATION e. V. Anfang August MTM-Instruktoren aus der Organisation, aus dem One-MTM-Partnernetzwerk und aus Mitgliedsunternehmen zur Sommer-Akademie ein. Die perfekte Location f\u00fcr intensives Arbeiten, Networking und gemeinsame Feierabendrunden hat ebenfalls Tradition: das MTM-Institut in Zeuthen bei Berlin. Und wie es sich f\u00fcr eine Sommer-Akademie ziemt, steht Gr\u00fcn im Fokus: die Verl\u00e4ngerung der Gr\u00fcnen Karte, also der Lehrlizenz f\u00fcr MTM-Instruktoren.<\/p>\n","protected":false},"author":5,"featured_media":10102,"comment_status":"closed","ping_status":"open","sticky":false,"template":"single-fullwidth.php","format":"standard","meta":{"footnotes":""},"categories":[66],"tags":[246,445,208,418,419,965,654],"class_list":{"0":"post-10047","1":"post","2":"type-post","3":"status-publish","4":"format-standard","5":"has-post-thumbnail","7":"category-ausbildung","8":"tag-bmw","9":"tag-e-learning","10":"tag-industrial-engineering","11":"tag-mtm-akademie","12":"tag-mtm-ausbildung-2","13":"tag-mtm-prozessbausteinsysteme","14":"tag-one-mtm"},"yoast_head":"<!-- This site is optimized with the Yoast SEO plugin v27.4 - https:\/\/yoast.com\/product\/yoast-seo-wordpress\/ -->\n<title>Sommer-Akademie: Gr\u00fcn im Fokus - MTM ASSOCIATION e. V.<\/title>\n<meta name=\"description\" content=\"Sommer-Akademie: Gr\u00fcn im Fokus. Im August dreht sich bei MTM alles um die Verl\u00e4ngerung der Gr\u00fcnen Karte, der Lehrlizenz f\u00fcr Instruktoren.\" \/>\n<meta name=\"robots\" content=\"index, follow, max-snippet:-1, max-image-preview:large, max-video-preview:-1\" \/>\n<link rel=\"canonical\" href=\"https:\/\/blog.mtm.org\/?p=10047\" \/>\n<meta property=\"og:locale\" content=\"de_DE\" \/>\n<meta property=\"og:type\" content=\"article\" \/>\n<meta property=\"og:title\" content=\"Sommer-Akademie: Gr\u00fcn im Fokus - MTM ASSOCIATION e. V.\" \/>\n<meta property=\"og:description\" content=\"Sommer-Akademie: Gr\u00fcn im Fokus. Im August dreht sich bei MTM alles um die Verl\u00e4ngerung der Gr\u00fcnen Karte, der Lehrlizenz f\u00fcr Instruktoren.\" \/>\n<meta property=\"og:url\" content=\"https:\/\/blog.mtm.org\/?p=10047\" \/>\n<meta property=\"og:site_name\" content=\"MTM ASSOCIATION e. V.\" \/>\n<meta property=\"article:publisher\" content=\"https:\/\/www.facebook.com\/mtm.org\" \/>\n<meta property=\"article:published_time\" content=\"2024-08-28T13:13:46+00:00\" \/>\n<meta property=\"article:modified_time\" content=\"2025-07-14T07:55:16+00:00\" \/>\n<meta property=\"og:image\" content=\"https:\/\/blog.mtm.org\/wp-content\/uploads\/2024\/08\/Sommerakademie_2024_05_1.jpg\" \/>\n\t<meta property=\"og:image:width\" content=\"1920\" \/>\n\t<meta property=\"og:image:height\" content=\"912\" \/>\n\t<meta property=\"og:image:type\" content=\"image\/jpeg\" \/>\n<meta name=\"author\" content=\"Ina Klose-Hegewald\" \/>\n<meta name=\"twitter:card\" content=\"summary_large_image\" \/>\n<meta name=\"twitter:label1\" content=\"Verfasst von\" \/>\n\t<meta name=\"twitter:data1\" content=\"Ina Klose-Hegewald\" \/>\n\t<meta name=\"twitter:label2\" content=\"Gesch\u00e4tzte Lesezeit\" \/>\n\t<meta name=\"twitter:data2\" content=\"3\u00a0Minuten\" \/>\n<script type=\"application\/ld+json\" class=\"yoast-schema-graph\">{\"@context\":\"https:\\\/\\\/schema.org\",\"@graph\":[{\"@type\":\"Article\",\"@id\":\"https:\\\/\\\/blog.mtm.org\\\/?p=10047#article\",\"isPartOf\":{\"@id\":\"https:\\\/\\\/blog.mtm.org\\\/?p=10047\"},\"author\":{\"name\":\"Ina Klose-Hegewald\",\"@id\":\"https:\\\/\\\/blog.mtm.org\\\/#\\\/schema\\\/person\\\/3270a96dc52fab3f4fe516995965c5d2\"},\"headline\":\"Sommer-Akademie: Gr\u00fcn im Fokus\",\"datePublished\":\"2024-08-28T13:13:46+00:00\",\"dateModified\":\"2025-07-14T07:55:16+00:00\",\"mainEntityOfPage\":{\"@id\":\"https:\\\/\\\/blog.mtm.org\\\/?p=10047\"},\"wordCount\":539,\"publisher\":{\"@id\":\"https:\\\/\\\/blog.mtm.org\\\/#organization\"},\"image\":{\"@id\":\"https:\\\/\\\/blog.mtm.org\\\/?p=10047#primaryimage\"},\"thumbnailUrl\":\"https:\\\/\\\/blog.mtm.org\\\/wp-content\\\/uploads\\\/2024\\\/08\\\/Sommerakademie_2024_05_1.jpg\",\"keywords\":[\"bmw\",\"E-Learning\",\"industrial engineering\",\"mtm akademie\",\"mtm ausbildung\",\"MTM-Prozessbausteinsysteme\",\"One-MTM\"],\"articleSection\":[\"Ausbildung\"],\"inLanguage\":\"de\"},{\"@type\":\"WebPage\",\"@id\":\"https:\\\/\\\/blog.mtm.org\\\/?p=10047\",\"url\":\"https:\\\/\\\/blog.mtm.org\\\/?p=10047\",\"name\":\"Sommer-Akademie: Gr\u00fcn im Fokus - MTM ASSOCIATION e. V.\",\"isPartOf\":{\"@id\":\"https:\\\/\\\/blog.mtm.org\\\/#website\"},\"primaryImageOfPage\":{\"@id\":\"https:\\\/\\\/blog.mtm.org\\\/?p=10047#primaryimage\"},\"image\":{\"@id\":\"https:\\\/\\\/blog.mtm.org\\\/?p=10047#primaryimage\"},\"thumbnailUrl\":\"https:\\\/\\\/blog.mtm.org\\\/wp-content\\\/uploads\\\/2024\\\/08\\\/Sommerakademie_2024_05_1.jpg\",\"datePublished\":\"2024-08-28T13:13:46+00:00\",\"dateModified\":\"2025-07-14T07:55:16+00:00\",\"description\":\"Sommer-Akademie: Gr\u00fcn im Fokus. Im August dreht sich bei MTM alles um die Verl\u00e4ngerung der Gr\u00fcnen Karte, der Lehrlizenz f\u00fcr Instruktoren.\",\"breadcrumb\":{\"@id\":\"https:\\\/\\\/blog.mtm.org\\\/?p=10047#breadcrumb\"},\"inLanguage\":\"de\",\"potentialAction\":[{\"@type\":\"ReadAction\",\"target\":[\"https:\\\/\\\/blog.mtm.org\\\/?p=10047\"]}]},{\"@type\":\"ImageObject\",\"inLanguage\":\"de\",\"@id\":\"https:\\\/\\\/blog.mtm.org\\\/?p=10047#primaryimage\",\"url\":\"https:\\\/\\\/blog.mtm.org\\\/wp-content\\\/uploads\\\/2024\\\/08\\\/Sommerakademie_2024_05_1.jpg\",\"contentUrl\":\"https:\\\/\\\/blog.mtm.org\\\/wp-content\\\/uploads\\\/2024\\\/08\\\/Sommerakademie_2024_05_1.jpg\",\"width\":1920,\"height\":912,\"caption\":\"MTM-Instruktoren bei der Sommer-Akademie\"},{\"@type\":\"BreadcrumbList\",\"@id\":\"https:\\\/\\\/blog.mtm.org\\\/?p=10047#breadcrumb\",\"itemListElement\":[{\"@type\":\"ListItem\",\"position\":1,\"name\":\"Startseite\",\"item\":\"https:\\\/\\\/blog.mtm.org\\\/\"},{\"@type\":\"ListItem\",\"position\":2,\"name\":\"Sommer-Akademie: Gr\u00fcn im Fokus\"}]},{\"@type\":\"WebSite\",\"@id\":\"https:\\\/\\\/blog.mtm.org\\\/#website\",\"url\":\"https:\\\/\\\/blog.mtm.org\\\/\",\"name\":\"MTM ASSOCIATION e. V.\",\"description\":\"Blog\",\"publisher\":{\"@id\":\"https:\\\/\\\/blog.mtm.org\\\/#organization\"},\"potentialAction\":[{\"@type\":\"SearchAction\",\"target\":{\"@type\":\"EntryPoint\",\"urlTemplate\":\"https:\\\/\\\/blog.mtm.org\\\/?s={search_term_string}\"},\"query-input\":{\"@type\":\"PropertyValueSpecification\",\"valueRequired\":true,\"valueName\":\"search_term_string\"}}],\"inLanguage\":\"de\"},{\"@type\":\"Organization\",\"@id\":\"https:\\\/\\\/blog.mtm.org\\\/#organization\",\"name\":\"MTM ASSOCIATION e. V.\",\"url\":\"https:\\\/\\\/blog.mtm.org\\\/\",\"logo\":{\"@type\":\"ImageObject\",\"inLanguage\":\"de\",\"@id\":\"https:\\\/\\\/blog.mtm.org\\\/#\\\/schema\\\/logo\\\/image\\\/\",\"url\":\"https:\\\/\\\/blog.mtm.org\\\/wp-content\\\/uploads\\\/2022\\\/04\\\/logo_mtm.jpg\",\"contentUrl\":\"https:\\\/\\\/blog.mtm.org\\\/wp-content\\\/uploads\\\/2022\\\/04\\\/logo_mtm.jpg\",\"width\":400,\"height\":400,\"caption\":\"MTM ASSOCIATION e. V.\"},\"image\":{\"@id\":\"https:\\\/\\\/blog.mtm.org\\\/#\\\/schema\\\/logo\\\/image\\\/\"},\"sameAs\":[\"https:\\\/\\\/www.facebook.com\\\/mtm.org\",\"https:\\\/\\\/www.instagram.com\\\/mtmassociation\\\/\",\"https:\\\/\\\/www.linkedin.com\\\/company\\\/mtmassociation\\\/\",\"https:\\\/\\\/www.youtube.com\\\/user\\\/MTMtvPortal\",\"https:\\\/\\\/de.wikipedia.org\\\/wiki\\\/MTM_Association\"]},{\"@type\":\"Person\",\"@id\":\"https:\\\/\\\/blog.mtm.org\\\/#\\\/schema\\\/person\\\/3270a96dc52fab3f4fe516995965c5d2\",\"name\":\"Ina Klose-Hegewald\",\"image\":{\"@type\":\"ImageObject\",\"inLanguage\":\"de\",\"@id\":\"https:\\\/\\\/secure.gravatar.com\\\/avatar\\\/dfd02f481ac5a7017dde24d3cb4ee1f6d347b66b143b9074a8d1d97c52a5cd0c?s=96&d=mm&r=g\",\"url\":\"https:\\\/\\\/secure.gravatar.com\\\/avatar\\\/dfd02f481ac5a7017dde24d3cb4ee1f6d347b66b143b9074a8d1d97c52a5cd0c?s=96&d=mm&r=g\",\"contentUrl\":\"https:\\\/\\\/secure.gravatar.com\\\/avatar\\\/dfd02f481ac5a7017dde24d3cb4ee1f6d347b66b143b9074a8d1d97c52a5cd0c?s=96&d=mm&r=g\",\"caption\":\"Ina Klose-Hegewald\"},\"sameAs\":[\"http:\\\/\\\/blog.mtm.org\"]}]}<\/script>\n<!-- \/ Yoast SEO plugin. -->","yoast_head_json":{"title":"Sommer-Akademie: Gr\u00fcn im Fokus - MTM ASSOCIATION e. V.","description":"Sommer-Akademie: Gr\u00fcn im Fokus. Im August dreht sich bei MTM alles um die Verl\u00e4ngerung der Gr\u00fcnen Karte, der Lehrlizenz f\u00fcr Instruktoren.","robots":{"index":"index","follow":"follow","max-snippet":"max-snippet:-1","max-image-preview":"max-image-preview:large","max-video-preview":"max-video-preview:-1"},"canonical":"https:\/\/blog.mtm.org\/?p=10047","og_locale":"de_DE","og_type":"article","og_title":"Sommer-Akademie: Gr\u00fcn im Fokus - MTM ASSOCIATION e. V.","og_description":"Sommer-Akademie: Gr\u00fcn im Fokus. Im August dreht sich bei MTM alles um die Verl\u00e4ngerung der Gr\u00fcnen Karte, der Lehrlizenz f\u00fcr Instruktoren.","og_url":"https:\/\/blog.mtm.org\/?p=10047","og_site_name":"MTM ASSOCIATION e. V.","article_publisher":"https:\/\/www.facebook.com\/mtm.org","article_published_time":"2024-08-28T13:13:46+00:00","article_modified_time":"2025-07-14T07:55:16+00:00","og_image":[{"width":1920,"height":912,"url":"https:\/\/blog.mtm.org\/wp-content\/uploads\/2024\/08\/Sommerakademie_2024_05_1.jpg","type":"image\/jpeg"}],"author":"Ina Klose-Hegewald","twitter_card":"summary_large_image","twitter_misc":{"Verfasst von":"Ina Klose-Hegewald","Gesch\u00e4tzte Lesezeit":"3\u00a0Minuten"},"schema":{"@context":"https:\/\/schema.org","@graph":[{"@type":"Article","@id":"https:\/\/blog.mtm.org\/?p=10047#article","isPartOf":{"@id":"https:\/\/blog.mtm.org\/?p=10047"},"author":{"name":"Ina Klose-Hegewald","@id":"https:\/\/blog.mtm.org\/#\/schema\/person\/3270a96dc52fab3f4fe516995965c5d2"},"headline":"Sommer-Akademie: Gr\u00fcn im Fokus","datePublished":"2024-08-28T13:13:46+00:00","dateModified":"2025-07-14T07:55:16+00:00","mainEntityOfPage":{"@id":"https:\/\/blog.mtm.org\/?p=10047"},"wordCount":539,"publisher":{"@id":"https:\/\/blog.mtm.org\/#organization"},"image":{"@id":"https:\/\/blog.mtm.org\/?p=10047#primaryimage"},"thumbnailUrl":"https:\/\/blog.mtm.org\/wp-content\/uploads\/2024\/08\/Sommerakademie_2024_05_1.jpg","keywords":["bmw","E-Learning","industrial engineering","mtm akademie","mtm ausbildung","MTM-Prozessbausteinsysteme","One-MTM"],"articleSection":["Ausbildung"],"inLanguage":"de"},{"@type":"WebPage","@id":"https:\/\/blog.mtm.org\/?p=10047","url":"https:\/\/blog.mtm.org\/?p=10047","name":"Sommer-Akademie: Gr\u00fcn im Fokus - MTM ASSOCIATION e. V.","isPartOf":{"@id":"https:\/\/blog.mtm.org\/#website"},"primaryImageOfPage":{"@id":"https:\/\/blog.mtm.org\/?p=10047#primaryimage"},"image":{"@id":"https:\/\/blog.mtm.org\/?p=10047#primaryimage"},"thumbnailUrl":"https:\/\/blog.mtm.org\/wp-content\/uploads\/2024\/08\/Sommerakademie_2024_05_1.jpg","datePublished":"2024-08-28T13:13:46+00:00","dateModified":"2025-07-14T07:55:16+00:00","description":"Sommer-Akademie: Gr\u00fcn im Fokus. Im August dreht sich bei MTM alles um die Verl\u00e4ngerung der Gr\u00fcnen Karte, der Lehrlizenz f\u00fcr Instruktoren.","breadcrumb":{"@id":"https:\/\/blog.mtm.org\/?p=10047#breadcrumb"},"inLanguage":"de","potentialAction":[{"@type":"ReadAction","target":["https:\/\/blog.mtm.org\/?p=10047"]}]},{"@type":"ImageObject","inLanguage":"de","@id":"https:\/\/blog.mtm.org\/?p=10047#primaryimage","url":"https:\/\/blog.mtm.org\/wp-content\/uploads\/2024\/08\/Sommerakademie_2024_05_1.jpg","contentUrl":"https:\/\/blog.mtm.org\/wp-content\/uploads\/2024\/08\/Sommerakademie_2024_05_1.jpg","width":1920,"height":912,"caption":"MTM-Instruktoren bei der Sommer-Akademie"},{"@type":"BreadcrumbList","@id":"https:\/\/blog.mtm.org\/?p=10047#breadcrumb","itemListElement":[{"@type":"ListItem","position":1,"name":"Startseite","item":"https:\/\/blog.mtm.org\/"},{"@type":"ListItem","position":2,"name":"Sommer-Akademie: Gr\u00fcn im Fokus"}]},{"@type":"WebSite","@id":"https:\/\/blog.mtm.org\/#website","url":"https:\/\/blog.mtm.org\/","name":"MTM ASSOCIATION e. V.","description":"Blog","publisher":{"@id":"https:\/\/blog.mtm.org\/#organization"},"potentialAction":[{"@type":"SearchAction","target":{"@type":"EntryPoint","urlTemplate":"https:\/\/blog.mtm.org\/?s={search_term_string}"},"query-input":{"@type":"PropertyValueSpecification","valueRequired":true,"valueName":"search_term_string"}}],"inLanguage":"de"},{"@type":"Organization","@id":"https:\/\/blog.mtm.org\/#organization","name":"MTM ASSOCIATION e. V.","url":"https:\/\/blog.mtm.org\/","logo":{"@type":"ImageObject","inLanguage":"de","@id":"https:\/\/blog.mtm.org\/#\/schema\/logo\/image\/","url":"https:\/\/blog.mtm.org\/wp-content\/uploads\/2022\/04\/logo_mtm.jpg","contentUrl":"https:\/\/blog.mtm.org\/wp-content\/uploads\/2022\/04\/logo_mtm.jpg","width":400,"height":400,"caption":"MTM ASSOCIATION e. V."},"image":{"@id":"https:\/\/blog.mtm.org\/#\/schema\/logo\/image\/"},"sameAs":["https:\/\/www.facebook.com\/mtm.org","https:\/\/www.instagram.com\/mtmassociation\/","https:\/\/www.linkedin.com\/company\/mtmassociation\/","https:\/\/www.youtube.com\/user\/MTMtvPortal","https:\/\/de.wikipedia.org\/wiki\/MTM_Association"]},{"@type":"Person","@id":"https:\/\/blog.mtm.org\/#\/schema\/person\/3270a96dc52fab3f4fe516995965c5d2","name":"Ina Klose-Hegewald","image":{"@type":"ImageObject","inLanguage":"de","@id":"https:\/\/secure.gravatar.com\/avatar\/dfd02f481ac5a7017dde24d3cb4ee1f6d347b66b143b9074a8d1d97c52a5cd0c?s=96&d=mm&r=g","url":"https:\/\/secure.gravatar.com\/avatar\/dfd02f481ac5a7017dde24d3cb4ee1f6d347b66b143b9074a8d1d97c52a5cd0c?s=96&d=mm&r=g","contentUrl":"https:\/\/secure.gravatar.com\/avatar\/dfd02f481ac5a7017dde24d3cb4ee1f6d347b66b143b9074a8d1d97c52a5cd0c?s=96&d=mm&r=g","caption":"Ina Klose-Hegewald"},"sameAs":["http:\/\/blog.mtm.org"]}]}},"menu_order":0,"_links":{"self":[{"href":"https:\/\/blog.mtm.org\/index.php?rest_route=\/wp\/v2\/posts\/10047","targetHints":{"allow":["GET"]}}],"collection":[{"href":"https:\/\/blog.mtm.org\/index.php?rest_route=\/wp\/v2\/posts"}],"about":[{"href":"https:\/\/blog.mtm.org\/index.php?rest_route=\/wp\/v2\/types\/post"}],"author":[{"embeddable":true,"href":"https:\/\/blog.mtm.org\/index.php?rest_route=\/wp\/v2\/users\/5"}],"replies":[{"embeddable":true,"href":"https:\/\/blog.mtm.org\/index.php?rest_route=%2Fwp%2Fv2%2Fcomments&post=10047"}],"version-history":[{"count":28,"href":"https:\/\/blog.mtm.org\/index.php?rest_route=\/wp\/v2\/posts\/10047\/revisions"}],"predecessor-version":[{"id":10108,"href":"https:\/\/blog.mtm.org\/index.php?rest_route=\/wp\/v2\/posts\/10047\/revisions\/10108"}],"wp:featuredmedia":[{"embeddable":true,"href":"https:\/\/blog.mtm.org\/index.php?rest_route=\/wp\/v2\/media\/10102"}],"wp:attachment":[{"href":"https:\/\/blog.mtm.org\/index.php?rest_route=%2Fwp%2Fv2%2Fmedia&parent=10047"}],"wp:term":[{"taxonomy":"category","embeddable":true,"href":"https:\/\/blog.mtm.org\/index.php?rest_route=%2Fwp%2Fv2%2Fcategories&post=10047"},{"taxonomy":"post_tag","embeddable":true,"href":"https:\/\/blog.mtm.org\/index.php?rest_route=%2Fwp%2Fv2%2Ftags&post=10047"}],"curies":[{"name":"wp","href":"https:\/\/api.w.org\/{rel}","templated":true}]}}